{"id":313,"date":"2024-02-19T15:11:09","date_gmt":"2024-02-19T15:11:09","guid":{"rendered":"https:\/\/des-problemes-dentaires.xmiq3726.odns.fr\/?p=313"},"modified":"2024-02-19T15:38:54","modified_gmt":"2024-02-19T15:38:54","slug":"dysharmonie-dento-maxillaire-ddm","status":"publish","type":"post","link":"http:\/\/des-problemes-dentaires.fr\/index.php\/orthodontie\/dysharmonie-dento-maxillaire-ddm\/","title":{"rendered":"DYSHARMONIE DENTO-MAXILLAIRE (DDM)"},"content":{"rendered":"<div class=\"wpb-content-wrapper\"><p>[vc_row][vc_column width=\u00a0\u00bb1\/1&Prime;][vc_single_image media=\u00a0\u00bb162&Prime; media_width_percent=\u00a0\u00bb100&Prime; uncode_shortcode_id=\u00a0\u00bb793381&Prime;][vc_custom_heading text_color=\u00a0\u00bbcolor-210407&Prime; badge_style=\u00a0\u00bbyes\u00a0\u00bb uncode_shortcode_id=\u00a0\u00bb209163&Prime; text_color_type=\u00a0\u00bbuncode-palette\u00a0\u00bb]C\u2019est un probl\u00e8me d\u2019encombrement[\/vc_custom_heading][vc_column_text uncode_shortcode_id=\u00a0\u00bb202529&Prime;]<strong>LA DDM PEUT et DOIT \u00caTRE D\u00c9CEL\u00c9E D\u00c8S LE JEUNE \u00c2GE !<\/strong>[\/vc_column_text][vc_column_text uncode_shortcode_id=\u00a0\u00bb265872&Prime; el_class=\u00a0\u00bbfond-gris\u00a0\u00bb]<\/p>\n<p style=\"text-align: left;\">D\u00e8s la denture de lait, les dents serr\u00e9es sur l\u2019arcade, ne laissant aucun espace entre elles, font pressentir un futur manque de place pour les dents d\u00e9finitives.<\/p>\n<p>[\/vc_column_text][vc_column_text uncode_shortcode_id=\u00a0\u00bb167850&Prime;]Ce\u00a0<strong>manque de place s\u2019objective facilement sur une radio<\/strong>\u00a0<em>voir radios panoramiques ci-dessous<\/em><\/p>\n<ul>\n<li><strong>Soit, les germes<\/strong>\u00a0des canines et pr\u00e9molaires<strong>\u00a0sont superpos\u00e9s<\/strong>\u00a0<em>\u00e0 la verticale<\/em>,\u00a0<strong>au lieu d\u2019\u00eatre l\u2019une \u00e0 c\u00f4t\u00e9 de l\u2019autre, au m\u00eame niveau<\/strong>\u00a0sur l\u2019horizontal.<\/li>\n<li><strong>Soit, la couronne du germe<\/strong>\u00a0des dents de sagesse\u00a0<em>(troisi\u00e8me molaire)<\/em>,\u00a0<strong>a un axe vertical au lieu d\u2019un axe horizontal.<\/strong><\/li>\n<li><strong>Soit les deux, dans les DDM s\u00e9v\u00e8res !<\/strong><\/li>\n<\/ul>\n<p>&nbsp;<\/p>\n<p><img decoding=\"async\" src=\"\/wp-content\/uploads\/2024\/02\/des-problemes-dentaires-ddm4.jpg\" alt=\"des problemes dentaires ddm4\" width=\"284\" height=\"200\" \/>\u00a0<img decoding=\"async\" src=\"\/wp-content\/uploads\/2024\/02\/des-problemes-dentaires-ddm5.jpg\" alt=\"des problemes dentaires ddm5\" width=\"311\" height=\"200\" \/><\/p>\n<p>&nbsp;<\/p>\n<p><strong style=\"color: #4f81bd; font-size: 12pt;\">C\u2019est pour \u00e9viter d\u2019en arriver l\u00e0, qu\u2019il est franchement pr\u00e9f\u00e9rable de pratiquer des extractions pilot\u00e9es en temps voulu\u00a0!<br \/>\n\u00c9conomie de temps, d\u2019argent et confort pour l\u2019enfant.<\/strong><\/p>\n<p>[\/vc_column_text][vc_column_text border_color=\u00a0\u00bbcolor-jevc\u00a0\u00bb border_style=\u00a0\u00bbsolid\u00a0\u00bb uncode_shortcode_id=\u00a0\u00bb429427&Prime; border_color_type=\u00a0\u00bbuncode-palette\u00a0\u00bb css=\u00a0\u00bb.vc_custom_1708356490118{border-top-width: 1px !important;border-right-width: 1px !important;border-bottom-width: 1px !important;border-left-width: 1px !important;padding-top: 20px !important;padding-right: 20px !important;padding-bottom: 20px !important;padding-left: 20px !important;}\u00a0\u00bb]IL Y A DDM quand la\u00a0<strong>somme des diam\u00e8tres des dents d\u00e9finitives d\u2019une arcade, est sup\u00e9rieure \u00e0 la longueur de cette m\u00eame arcade,<\/strong><br \/>\n<strong>&#8211; C\u2019est-\u00e0-dire, un manque d\u2019harmonie entre les deux longueurs.<\/strong><br \/>\n<strong>&#8211; Cela se traduit par un manque de place pour caser les dents d\u00e9finitives.<\/strong>[\/vc_column_text][vc_column_text uncode_shortcode_id=\u00a0\u00bb201721&Prime;]C&rsquo;est \u00e0 dire en lin\u00e9aire :<\/p>\n<p><img decoding=\"async\" src=\"\/wp-content\/uploads\/2024\/02\/des-problemes-dentaires-ddm14.png\" alt=\"des problemes dentaires ddm14\" \/><\/p>\n<p>&nbsp;<\/p>\n<p>Cela s\u2019objective tr\u00e8s bien sur la<strong>\u00a0radio panoramique<\/strong>\u00a0:<\/p>\n<p><strong>Quand il n\u2019y a pas DDM<\/strong>, les germes des dents d\u00e9finitives, sont<strong>\u00a0align\u00e9s horizontalement<\/strong>, dans les maxillaires, les unes \u00e0 c\u00f4t\u00e9 des autres, au dessous des dents de lait, sans chevauchement.<\/p>\n<p>&nbsp;<\/p>\n<p><img decoding=\"async\" src=\"\/wp-content\/uploads\/2024\/02\/des-problemes-dentaires-ddm-6.jpg\" alt=\"des problemes dentaires ddm 6\" \/><\/p>\n<p>&nbsp;<\/p>\n<p>On objective \u00e0 peu pr\u00e8s sur ce panoramique que :<\/p>\n<ul>\n<li>Au maxillaire sup\u00e9rieur, les germes des dents d\u00e9finitives, au-dessus des dents de lait,\u00a0<strong>se chevauchent, et s\u2019alignent plut\u00f4t sur une ligne verticale.<\/strong><\/li>\n<li>\u00c0 la mandibule, les germes d\u00e9finitifs, sous les dents de lait,\u00a0<strong>sont plut\u00f4t les uns \u00e0 c\u00f4t\u00e9 des autres sur la ligne horizontale.<\/strong><\/li>\n<\/ul>\n<p><img decoding=\"async\" src=\"\/wp-content\/uploads\/2024\/02\/des-problemes-dentaires-ddm-7.jpg\" alt=\"des problemes dentaires ddm 7\" \/><\/p>\n<p>&nbsp;<\/p>\n<ul>\n<li><strong>L\u2019axe du germe la troisi\u00e8me molaire d\u00e9finitive a tendance \u00e0 se verticaliser<\/strong>. Il est situ\u00e9 dans la branche montante de la mandibule\u2026\u00a0<strong>Il est plus que probable que la dent de sagesse n\u2019aura pas la place de se caser.<\/strong><\/li>\n<\/ul>\n<p><img decoding=\"async\" src=\"\/wp-content\/uploads\/2024\/02\/des-problemes-dentaires-ddm-8.jpg\" alt=\"des problemes dentaires ddm 8\" \/><\/p>\n<p>&nbsp;<\/p>\n<ul>\n<li><strong>L\u2019\u00e9bauche du germe de la 2\u00b0 molaire d\u00e9finitive, est d\u00e9j\u00e0 dans la branche montante.<\/strong><\/li>\n<\/ul>\n<p><img decoding=\"async\" src=\"\/wp-content\/uploads\/2024\/02\/des-problemes-dentaires-ddm-9.jpg\" alt=\"des problemes dentaires ddm 9\" \/><\/p>\n<p>&nbsp;<\/p>\n<ul>\n<li><strong>Les dents d\u00e9finitives sont bien align\u00e9es. Les dents de sagesse n\u2019ont pas la place de se caser\u2026 il faut envisager \u00e0 ce stade, les germectomies, d\u00e8s que les couronnes sont form\u00e9es.<br \/>\nEt surtout pas, extraire quatre pr\u00e9molaires pour laisser sortir les dents de sagesse\u00a0! L\u2019extraction des dents saines, vivantes, en bonne place sur l\u2019arcade est totalement injustifi\u00e9e !<br \/>\n<\/strong><\/li>\n<\/ul>\n<p>[\/vc_column_text][vc_custom_heading text_color=\u00a0\u00bbcolor-210407&Prime; badge_style=\u00a0\u00bbyes\u00a0\u00bb uncode_shortcode_id=\u00a0\u00bb162895&Prime; text_color_type=\u00a0\u00bbuncode-palette\u00a0\u00bb]Une DDM d\u00e9cel\u00e9e \u00e0 temps, ne n\u00e9cessite absolument pas la pose d\u2019un appareillage ![\/vc_custom_heading][vc_column_text uncode_shortcode_id=\u00a0\u00bb117496&Prime;]Le\u00a0<strong>plus souvent<\/strong>\u00a0le probl\u00e8me doit se\u00a0<strong>r\u00e8gle simplement<\/strong>\u00a0par EXTRACTIONS PILOT\u00c9ES aux \u00e2ges requis :<\/p>\n<ul>\n<li>Extraction de la\u00a0<strong>canine de lait<\/strong>\u00a0dans un\u00a0<strong>premier temps<\/strong>,<\/li>\n<li>Puis de la\u00a0<strong>premi\u00e8re molaire de lait<\/strong>, dans\u00a0<strong>un deuxi\u00e8me temps<\/strong>. Ce qui permet \u00e0 la premi\u00e8re pr\u00e9molaire d\u00e9finitive d\u2019arriver sur l\u2019arcade\u2026<\/li>\n<\/ul>\n<p>On pratique ces extractions, quand les racines des dents de lait se sont pratiquement r\u00e9sorb\u00e9es,\u00a0<strong>vers<\/strong>\u00a0sept, huit ans (<em>cela d\u00e9pend de l\u2019\u00e9volution individuelle de chaque enfant\u2026 Dans quelques cas les racines des dents de lait ont du mal \u00e0 se r\u00e9sorber\u2026 il faudra faire malgr\u00e9 tout, les extractions en temps voulu<\/em>).<\/p>\n<ul>\n<li>Puis dans un<strong>\u00a0troisi\u00e8me temps<\/strong>, on extrait\u00a0<strong>la premi\u00e8re pr\u00e9molaire d\u00e9finitive<\/strong>, avant que ses racines ne soient form\u00e9es\u2026 ce qui permet \u00e0 la\u00a0<strong>canine d\u00e9finitive<\/strong>\u00a0de descendre et de trouver ainsi<strong>\u00a0tout naturellement et tout simplement, sa place sur l\u2019arcade&#8230;<\/strong><\/li>\n<\/ul>\n<p>&nbsp;<\/p>\n<p>Un appareillage pourrait parfois, \u00eatre n\u00e9cessaire pendant pas plus de six mois,\u00a0<strong>pour parfaire l\u2019alignement global de l\u2019arcade\u2026 mais<\/strong>\u00a0pas obligatoirement\u2026<\/p>\n<p>&nbsp;<\/p>\n<p><strong>Exceptionnellement<\/strong>, dans les DDM\u00a0<strong>extr\u00eamement s\u00e9v\u00e8res<\/strong>, on peut \u00eatre amen\u00e9\u00a0<strong>\u00e0 extraire la premi\u00e8re et la deuxi\u00e8me pr\u00e9molaire<\/strong>. (Une toute petite arcade et de tr\u00e8s grosses dents\u2026\u00a0<em>La Nature, ne fait toujours bien, les choses !<\/em>)<\/p>\n<ul>\n<li>Enfin, dans un\u00a0<strong>quatri\u00e8me temps<\/strong>, on\u00a0<strong>surveille l\u2019\u00e9volution des dents de sagesse<\/strong>\u00a0qui ont tr\u00e8s rarement la place d\u2019\u00e9voluer sur l\u2019arcade\u2026<\/li>\n<li>On pratiquera alors les\u00a0<strong>germectomies<\/strong>\u00a0des dents de sagesse\u00a0<strong>dans un service sp\u00e9cialis\u00e9<\/strong>\u00a0(<em>en moyenne vers 14 ans<\/em>), quand les couronnes sont bien form\u00e9es, mais avant que les racines ne poussent\u2026 l\u2019intervention en sera d\u2019autant plus simple.<\/li>\n<\/ul>\n<p>&nbsp;<\/p>\n<p><strong style=\"color: #4f81bd;\">DDM \u00e0 MINIMA<\/strong>\u2026 il faut savoir tol\u00e9rer quelques petites anomalies, comme un petit chevauchement discret, qui ne m\u00e9rite pas la mise en route d\u2019untraitement lourd et co\u00fbteux, avec des mutilations plus que regrettables de dents vivantes et saines.<\/p>\n<p>&nbsp;<\/p>\n<p><strong style=\"color: #4f81bd;\">MIGRATION SPONTAN\u00c9E<\/strong><br \/>\nIl faut savoir que les dents ont une f\u00e2cheuse tendance, \u00e0 migrer spontan\u00e9ment vers l\u2019avant, ce qui entra\u00eene parfois un chevauchement des incisives (en particulier inf\u00e9rieures), qui peut se produire m\u00eame apr\u00e8s un traitement bien men\u00e9. Ce qui se r\u00e8glera le plus souvent, \u00e0 la mandibule par une simple extraction d\u2019une incisive centrale.<\/p>\n<p>[\/vc_column_text][vc_custom_heading text_color=\u00a0\u00bbcolor-210407&Prime; badge_style=\u00a0\u00bbyes\u00a0\u00bb uncode_shortcode_id=\u00a0\u00bb124441&Prime; text_color_type=\u00a0\u00bbuncode-palette\u00a0\u00bb]DISCUSSION[\/vc_custom_heading][vc_column_text uncode_shortcode_id=\u00a0\u00bb183329&Prime;]<strong>Il y a-t-il int\u00e9r\u00eat \u00e0 extraire les germes de dents de sagesse de fa\u00e7on syst\u00e9matique\u00a0?<\/strong><\/p>\n<p>La r\u00e9ponse est\u00a0<strong>OUI<\/strong>, afin, non pas d\u2019\u00e9viter la migration spontan\u00e9e des dents vers l\u2019avant, mais pour\u00a0<strong>\u00e9viter son aggravation<\/strong>\u00a0par la pouss\u00e9e des dents de sagesse, qui cherchent,\u00a0<strong>\u00e0 tout prix<\/strong>, \u00e0 se caser l\u00e0 o\u00f9 elles n\u2019auront pas la place.<\/p>\n<p>L\u2019AVANTAGE EST DOUBLE:<\/p>\n<ul>\n<li>\u00c9viter les douloureux \u00ab\u00a0<strong>accidents de dents de sagesse<\/strong>\u00a0\u00bb \u00e0 l\u2019adolescence ou \u00e0 l\u2019\u00e2ge adulte\u2026<\/li>\n<li>Prot\u00e9ger les ligaments des dents qui sont tr\u00e8s vuln\u00e9rables, En effet les ligaments des dents ont \u00e9t\u00e9 cr\u00e9\u00e9s pour supporter\u00a0<strong>les pressions verticales<\/strong>\u00a0de la mastication, et non pas\u00a0<strong>les pouss\u00e9es horizontales<\/strong>, qui elles, d\u00e9clenchent des parodontopathies parfois tr\u00e8s graves, d\u2019autant plus que l\u2019hygi\u00e8ne est insuffisante.<em>\u00a0(voir DENTISTERIE articles\u00a0<a href=\"\/index.php\/la-dentisterie\/gencive-parodonte\" target=\"_blank\" rel=\"noopener\">PARODONTOPATHIES<\/a>\u00a0et\u00a0<a href=\"\/index.php\/la-dentisterie\/l-hygiene-au-quotidien\" target=\"_blank\" rel=\"noopener\">HYGI\u00c8NE<\/a>).<\/em><\/li>\n<\/ul>\n<p><strong>Les germectomies se font, en milieu sp\u00e9cialis\u00e9<\/strong>, vers l\u2019\u00e2ge de 14 ou 15 ans avant que les racines ne soient form\u00e9es.<\/p>\n<p>Tr\u00e8s rares sont les cas o\u00f9, les troisi\u00e8mes molaires ont une place assez confortable pour se loger sans douleur et sans bousculer les reste de l\u2019arcade.<\/p>\n<p>[\/vc_column_text][vc_custom_heading text_color=\u00a0\u00bbcolor-210407&Prime; badge_style=\u00a0\u00bbyes\u00a0\u00bb uncode_shortcode_id=\u00a0\u00bb159115&Prime; text_color_type=\u00a0\u00bbuncode-palette\u00a0\u00bb]POUR CONCLURE[\/vc_custom_heading][vc_column_text uncode_shortcode_id=\u00a0\u00bb172266&Prime;]Ce chapitre de la DDM : la croyance populaire \u00e0 tendance \u00e0 croire que la DDM est le fait d\u2019une d\u00e9g\u00e9n\u00e9rescence de l\u2019esp\u00e8ce humaine ! D\u00e9trompez-vous, Toutankhamon avait une DDM s\u00e9v\u00e8re\u00a0![\/vc_column_text][\/vc_column][\/vc_row]<\/p>\n<\/div>","protected":false},"excerpt":{"rendered":"<p>[vc_row][vc_column width=\u00a0\u00bb1\/1&Prime;][vc_single_image media=\u00a0\u00bb162&Prime; media_width_percent=\u00a0\u00bb100&Prime; uncode_shortcode_id=\u00a0\u00bb793381&Prime;][vc_custom_heading text_color=\u00a0\u00bbcolor-210407&Prime; badge_style=\u00a0\u00bbyes\u00a0\u00bb uncode_shortcode_id=\u00a0\u00bb209163&Prime; text_color_type=\u00a0\u00bbuncode-palette\u00a0\u00bb]C\u2019est un probl\u00e8me d\u2019encombrement[\/vc_custom_heading][vc_column_text uncode_shortcode_id=\u00a0\u00bb202529&Prime;]LA DDM PEUT et DOIT \u00caTRE D\u00c9CEL\u00c9E D\u00c8S [&hellip;]<\/p>\n","protected":false},"author":1,"featured_media":316,"comment_status":"closed","ping_status":"closed","sticky":false,"template":"","format":"standard","meta":{"footnotes":""},"categories":[7],"tags":[],"class_list":["post-313","post","type-post","status-publish","format-standard","has-post-thumbnail","hentry","category-orthodontie"],"yoast_head":"<!-- This site is optimized with the Yoast SEO plugin v27.1.1 - https:\/\/yoast.com\/product\/yoast-seo-wordpress\/ -->\n<title>DYSHARMONIE DENTO-MAXILLAIRE (DDM) - Des probl\u00e8mes dentaires<\/title>\n<meta name=\"robots\" content=\"index, follow, max-snippet:-1, max-image-preview:large, max-video-preview:-1\" \/>\n<link rel=\"canonical\" href=\"https:\/\/des-problemes-dentaires.fr\/index.php\/orthodontie\/dysharmonie-dento-maxillaire-ddm\/\" \/>\n<meta property=\"og:locale\" content=\"fr_FR\" \/>\n<meta property=\"og:type\" content=\"article\" \/>\n<meta property=\"og:title\" content=\"DYSHARMONIE DENTO-MAXILLAIRE (DDM) - Des probl\u00e8mes dentaires\" \/>\n<meta property=\"og:description\" content=\"[vc_row][vc_column width=\u00a0\u00bb1\/1&Prime;][vc_single_image media=\u00a0\u00bb162&Prime; media_width_percent=\u00a0\u00bb100&Prime; uncode_shortcode_id=\u00a0\u00bb793381&Prime;][vc_custom_heading text_color=\u00a0\u00bbcolor-210407&Prime; badge_style=\u00a0\u00bbyes\u00a0\u00bb uncode_shortcode_id=\u00a0\u00bb209163&Prime; text_color_type=\u00a0\u00bbuncode-palette\u00a0\u00bb]C\u2019est un probl\u00e8me d\u2019encombrement[\/vc_custom_heading][vc_column_text uncode_shortcode_id=\u00a0\u00bb202529&Prime;]LA DDM PEUT et DOIT \u00caTRE D\u00c9CEL\u00c9E D\u00c8S [&hellip;]\" \/>\n<meta property=\"og:url\" content=\"https:\/\/des-problemes-dentaires.fr\/index.php\/orthodontie\/dysharmonie-dento-maxillaire-ddm\/\" \/>\n<meta property=\"og:site_name\" content=\"Des probl\u00e8mes dentaires\" \/>\n<meta property=\"article:published_time\" content=\"2024-02-19T15:11:09+00:00\" \/>\n<meta property=\"article:modified_time\" content=\"2024-02-19T15:38:54+00:00\" \/>\n<meta property=\"og:image\" content=\"https:\/\/des-problemes-dentaires.fr\/wp-content\/uploads\/2024\/02\/des-problemes-dentaires-ddm-1.jpg\" \/>\n\t<meta property=\"og:image:width\" content=\"510\" \/>\n\t<meta property=\"og:image:height\" content=\"340\" \/>\n\t<meta property=\"og:image:type\" content=\"image\/jpeg\" \/>\n<meta name=\"author\" content=\"kyqag\" \/>\n<meta name=\"twitter:card\" content=\"summary_large_image\" \/>\n<meta name=\"twitter:label1\" content=\"\u00c9crit par\" \/>\n\t<meta name=\"twitter:data1\" content=\"kyqag\" \/>\n\t<meta name=\"twitter:label2\" content=\"Dur\u00e9e de lecture estim\u00e9e\" \/>\n\t<meta name=\"twitter:data2\" content=\"7 minutes\" \/>\n<script type=\"application\/ld+json\" class=\"yoast-schema-graph\">{\"@context\":\"https:\/\/schema.org\",\"@graph\":[{\"@type\":\"Article\",\"@id\":\"https:\/\/des-problemes-dentaires.fr\/index.php\/orthodontie\/dysharmonie-dento-maxillaire-ddm\/#article\",\"isPartOf\":{\"@id\":\"https:\/\/des-problemes-dentaires.fr\/index.php\/orthodontie\/dysharmonie-dento-maxillaire-ddm\/\"},\"author\":{\"name\":\"kyqag\",\"@id\":\"http:\/\/des-problemes-dentaires.fr\/#\/schema\/person\/ecd096927e3a6b646cdceb8af77b723d\"},\"headline\":\"DYSHARMONIE DENTO-MAXILLAIRE (DDM)\",\"datePublished\":\"2024-02-19T15:11:09+00:00\",\"dateModified\":\"2024-02-19T15:38:54+00:00\",\"mainEntityOfPage\":{\"@id\":\"https:\/\/des-problemes-dentaires.fr\/index.php\/orthodontie\/dysharmonie-dento-maxillaire-ddm\/\"},\"wordCount\":1314,\"image\":{\"@id\":\"https:\/\/des-problemes-dentaires.fr\/index.php\/orthodontie\/dysharmonie-dento-maxillaire-ddm\/#primaryimage\"},\"thumbnailUrl\":\"http:\/\/des-problemes-dentaires.fr\/wp-content\/uploads\/2024\/02\/des-problemes-dentaires-ddm-1.jpg\",\"articleSection\":[\"Orthodontie\"],\"inLanguage\":\"fr-FR\"},{\"@type\":\"WebPage\",\"@id\":\"https:\/\/des-problemes-dentaires.fr\/index.php\/orthodontie\/dysharmonie-dento-maxillaire-ddm\/\",\"url\":\"https:\/\/des-problemes-dentaires.fr\/index.php\/orthodontie\/dysharmonie-dento-maxillaire-ddm\/\",\"name\":\"DYSHARMONIE DENTO-MAXILLAIRE (DDM) - Des probl\u00e8mes dentaires\",\"isPartOf\":{\"@id\":\"http:\/\/des-problemes-dentaires.fr\/#website\"},\"primaryImageOfPage\":{\"@id\":\"https:\/\/des-problemes-dentaires.fr\/index.php\/orthodontie\/dysharmonie-dento-maxillaire-ddm\/#primaryimage\"},\"image\":{\"@id\":\"https:\/\/des-problemes-dentaires.fr\/index.php\/orthodontie\/dysharmonie-dento-maxillaire-ddm\/#primaryimage\"},\"thumbnailUrl\":\"http:\/\/des-problemes-dentaires.fr\/wp-content\/uploads\/2024\/02\/des-problemes-dentaires-ddm-1.jpg\",\"datePublished\":\"2024-02-19T15:11:09+00:00\",\"dateModified\":\"2024-02-19T15:38:54+00:00\",\"author\":{\"@id\":\"http:\/\/des-problemes-dentaires.fr\/#\/schema\/person\/ecd096927e3a6b646cdceb8af77b723d\"},\"breadcrumb\":{\"@id\":\"https:\/\/des-problemes-dentaires.fr\/index.php\/orthodontie\/dysharmonie-dento-maxillaire-ddm\/#breadcrumb\"},\"inLanguage\":\"fr-FR\",\"potentialAction\":[{\"@type\":\"ReadAction\",\"target\":[\"https:\/\/des-problemes-dentaires.fr\/index.php\/orthodontie\/dysharmonie-dento-maxillaire-ddm\/\"]}]},{\"@type\":\"ImageObject\",\"inLanguage\":\"fr-FR\",\"@id\":\"https:\/\/des-problemes-dentaires.fr\/index.php\/orthodontie\/dysharmonie-dento-maxillaire-ddm\/#primaryimage\",\"url\":\"http:\/\/des-problemes-dentaires.fr\/wp-content\/uploads\/2024\/02\/des-problemes-dentaires-ddm-1.jpg\",\"contentUrl\":\"http:\/\/des-problemes-dentaires.fr\/wp-content\/uploads\/2024\/02\/des-problemes-dentaires-ddm-1.jpg\",\"width\":510,\"height\":340},{\"@type\":\"BreadcrumbList\",\"@id\":\"https:\/\/des-problemes-dentaires.fr\/index.php\/orthodontie\/dysharmonie-dento-maxillaire-ddm\/#breadcrumb\",\"itemListElement\":[{\"@type\":\"ListItem\",\"position\":1,\"name\":\"Accueil\",\"item\":\"https:\/\/des-problemes-dentaires.fr\/\"},{\"@type\":\"ListItem\",\"position\":2,\"name\":\"DYSHARMONIE DENTO-MAXILLAIRE (DDM)\"}]},{\"@type\":\"WebSite\",\"@id\":\"http:\/\/des-problemes-dentaires.fr\/#website\",\"url\":\"http:\/\/des-problemes-dentaires.fr\/\",\"name\":\"Des probl\u00e8mes dentaires\",\"description\":\"Des probl\u00e8mes dentaires\",\"potentialAction\":[{\"@type\":\"SearchAction\",\"target\":{\"@type\":\"EntryPoint\",\"urlTemplate\":\"http:\/\/des-problemes-dentaires.fr\/?s={search_term_string}\"},\"query-input\":{\"@type\":\"PropertyValueSpecification\",\"valueRequired\":true,\"valueName\":\"search_term_string\"}}],\"inLanguage\":\"fr-FR\"},{\"@type\":\"Person\",\"@id\":\"http:\/\/des-problemes-dentaires.fr\/#\/schema\/person\/ecd096927e3a6b646cdceb8af77b723d\",\"name\":\"kyqag\",\"image\":{\"@type\":\"ImageObject\",\"inLanguage\":\"fr-FR\",\"@id\":\"http:\/\/des-problemes-dentaires.fr\/#\/schema\/person\/image\/\",\"url\":\"https:\/\/secure.gravatar.com\/avatar\/dc2042f40cf905101a9a5ac04271c2c8ea576462a888736f31b8d05fe5c5212b?s=96&d=mm&r=g\",\"contentUrl\":\"https:\/\/secure.gravatar.com\/avatar\/dc2042f40cf905101a9a5ac04271c2c8ea576462a888736f31b8d05fe5c5212b?s=96&d=mm&r=g\",\"caption\":\"kyqag\"},\"sameAs\":[\"https:\/\/des-problemes-dentaires.xmiq3726.odns.fr\"],\"url\":\"http:\/\/des-problemes-dentaires.fr\/index.php\/author\/kyqag\/\"}]}<\/script>\n<!-- \/ Yoast SEO plugin. -->","yoast_head_json":{"title":"DYSHARMONIE DENTO-MAXILLAIRE (DDM) - Des probl\u00e8mes dentaires","robots":{"index":"index","follow":"follow","max-snippet":"max-snippet:-1","max-image-preview":"max-image-preview:large","max-video-preview":"max-video-preview:-1"},"canonical":"https:\/\/des-problemes-dentaires.fr\/index.php\/orthodontie\/dysharmonie-dento-maxillaire-ddm\/","og_locale":"fr_FR","og_type":"article","og_title":"DYSHARMONIE DENTO-MAXILLAIRE (DDM) - Des probl\u00e8mes dentaires","og_description":"[vc_row][vc_column width=\u00a0\u00bb1\/1&Prime;][vc_single_image media=\u00a0\u00bb162&Prime; media_width_percent=\u00a0\u00bb100&Prime; uncode_shortcode_id=\u00a0\u00bb793381&Prime;][vc_custom_heading text_color=\u00a0\u00bbcolor-210407&Prime; badge_style=\u00a0\u00bbyes\u00a0\u00bb uncode_shortcode_id=\u00a0\u00bb209163&Prime; text_color_type=\u00a0\u00bbuncode-palette\u00a0\u00bb]C\u2019est un probl\u00e8me d\u2019encombrement[\/vc_custom_heading][vc_column_text uncode_shortcode_id=\u00a0\u00bb202529&Prime;]LA DDM PEUT et DOIT \u00caTRE D\u00c9CEL\u00c9E D\u00c8S [&hellip;]","og_url":"https:\/\/des-problemes-dentaires.fr\/index.php\/orthodontie\/dysharmonie-dento-maxillaire-ddm\/","og_site_name":"Des probl\u00e8mes dentaires","article_published_time":"2024-02-19T15:11:09+00:00","article_modified_time":"2024-02-19T15:38:54+00:00","og_image":[{"width":510,"height":340,"url":"https:\/\/des-problemes-dentaires.fr\/wp-content\/uploads\/2024\/02\/des-problemes-dentaires-ddm-1.jpg","type":"image\/jpeg"}],"author":"kyqag","twitter_card":"summary_large_image","twitter_misc":{"\u00c9crit par":"kyqag","Dur\u00e9e de lecture estim\u00e9e":"7 minutes"},"schema":{"@context":"https:\/\/schema.org","@graph":[{"@type":"Article","@id":"https:\/\/des-problemes-dentaires.fr\/index.php\/orthodontie\/dysharmonie-dento-maxillaire-ddm\/#article","isPartOf":{"@id":"https:\/\/des-problemes-dentaires.fr\/index.php\/orthodontie\/dysharmonie-dento-maxillaire-ddm\/"},"author":{"name":"kyqag","@id":"http:\/\/des-problemes-dentaires.fr\/#\/schema\/person\/ecd096927e3a6b646cdceb8af77b723d"},"headline":"DYSHARMONIE DENTO-MAXILLAIRE (DDM)","datePublished":"2024-02-19T15:11:09+00:00","dateModified":"2024-02-19T15:38:54+00:00","mainEntityOfPage":{"@id":"https:\/\/des-problemes-dentaires.fr\/index.php\/orthodontie\/dysharmonie-dento-maxillaire-ddm\/"},"wordCount":1314,"image":{"@id":"https:\/\/des-problemes-dentaires.fr\/index.php\/orthodontie\/dysharmonie-dento-maxillaire-ddm\/#primaryimage"},"thumbnailUrl":"http:\/\/des-problemes-dentaires.fr\/wp-content\/uploads\/2024\/02\/des-problemes-dentaires-ddm-1.jpg","articleSection":["Orthodontie"],"inLanguage":"fr-FR"},{"@type":"WebPage","@id":"https:\/\/des-problemes-dentaires.fr\/index.php\/orthodontie\/dysharmonie-dento-maxillaire-ddm\/","url":"https:\/\/des-problemes-dentaires.fr\/index.php\/orthodontie\/dysharmonie-dento-maxillaire-ddm\/","name":"DYSHARMONIE DENTO-MAXILLAIRE (DDM) - Des probl\u00e8mes dentaires","isPartOf":{"@id":"http:\/\/des-problemes-dentaires.fr\/#website"},"primaryImageOfPage":{"@id":"https:\/\/des-problemes-dentaires.fr\/index.php\/orthodontie\/dysharmonie-dento-maxillaire-ddm\/#primaryimage"},"image":{"@id":"https:\/\/des-problemes-dentaires.fr\/index.php\/orthodontie\/dysharmonie-dento-maxillaire-ddm\/#primaryimage"},"thumbnailUrl":"http:\/\/des-problemes-dentaires.fr\/wp-content\/uploads\/2024\/02\/des-problemes-dentaires-ddm-1.jpg","datePublished":"2024-02-19T15:11:09+00:00","dateModified":"2024-02-19T15:38:54+00:00","author":{"@id":"http:\/\/des-problemes-dentaires.fr\/#\/schema\/person\/ecd096927e3a6b646cdceb8af77b723d"},"breadcrumb":{"@id":"https:\/\/des-problemes-dentaires.fr\/index.php\/orthodontie\/dysharmonie-dento-maxillaire-ddm\/#breadcrumb"},"inLanguage":"fr-FR","potentialAction":[{"@type":"ReadAction","target":["https:\/\/des-problemes-dentaires.fr\/index.php\/orthodontie\/dysharmonie-dento-maxillaire-ddm\/"]}]},{"@type":"ImageObject","inLanguage":"fr-FR","@id":"https:\/\/des-problemes-dentaires.fr\/index.php\/orthodontie\/dysharmonie-dento-maxillaire-ddm\/#primaryimage","url":"http:\/\/des-problemes-dentaires.fr\/wp-content\/uploads\/2024\/02\/des-problemes-dentaires-ddm-1.jpg","contentUrl":"http:\/\/des-problemes-dentaires.fr\/wp-content\/uploads\/2024\/02\/des-problemes-dentaires-ddm-1.jpg","width":510,"height":340},{"@type":"BreadcrumbList","@id":"https:\/\/des-problemes-dentaires.fr\/index.php\/orthodontie\/dysharmonie-dento-maxillaire-ddm\/#breadcrumb","itemListElement":[{"@type":"ListItem","position":1,"name":"Accueil","item":"https:\/\/des-problemes-dentaires.fr\/"},{"@type":"ListItem","position":2,"name":"DYSHARMONIE DENTO-MAXILLAIRE (DDM)"}]},{"@type":"WebSite","@id":"http:\/\/des-problemes-dentaires.fr\/#website","url":"http:\/\/des-problemes-dentaires.fr\/","name":"Des probl\u00e8mes dentaires","description":"Des probl\u00e8mes dentaires","potentialAction":[{"@type":"SearchAction","target":{"@type":"EntryPoint","urlTemplate":"http:\/\/des-problemes-dentaires.fr\/?s={search_term_string}"},"query-input":{"@type":"PropertyValueSpecification","valueRequired":true,"valueName":"search_term_string"}}],"inLanguage":"fr-FR"},{"@type":"Person","@id":"http:\/\/des-problemes-dentaires.fr\/#\/schema\/person\/ecd096927e3a6b646cdceb8af77b723d","name":"kyqag","image":{"@type":"ImageObject","inLanguage":"fr-FR","@id":"http:\/\/des-problemes-dentaires.fr\/#\/schema\/person\/image\/","url":"https:\/\/secure.gravatar.com\/avatar\/dc2042f40cf905101a9a5ac04271c2c8ea576462a888736f31b8d05fe5c5212b?s=96&d=mm&r=g","contentUrl":"https:\/\/secure.gravatar.com\/avatar\/dc2042f40cf905101a9a5ac04271c2c8ea576462a888736f31b8d05fe5c5212b?s=96&d=mm&r=g","caption":"kyqag"},"sameAs":["https:\/\/des-problemes-dentaires.xmiq3726.odns.fr"],"url":"http:\/\/des-problemes-dentaires.fr\/index.php\/author\/kyqag\/"}]}},"_links":{"self":[{"href":"http:\/\/des-problemes-dentaires.fr\/index.php\/wp-json\/wp\/v2\/posts\/313","targetHints":{"allow":["GET"]}}],"collection":[{"href":"http:\/\/des-problemes-dentaires.fr\/index.php\/wp-json\/wp\/v2\/posts"}],"about":[{"href":"http:\/\/des-problemes-dentaires.fr\/index.php\/wp-json\/wp\/v2\/types\/post"}],"author":[{"embeddable":true,"href":"http:\/\/des-problemes-dentaires.fr\/index.php\/wp-json\/wp\/v2\/users\/1"}],"replies":[{"embeddable":true,"href":"http:\/\/des-problemes-dentaires.fr\/index.php\/wp-json\/wp\/v2\/comments?post=313"}],"version-history":[{"count":3,"href":"http:\/\/des-problemes-dentaires.fr\/index.php\/wp-json\/wp\/v2\/posts\/313\/revisions"}],"predecessor-version":[{"id":318,"href":"http:\/\/des-problemes-dentaires.fr\/index.php\/wp-json\/wp\/v2\/posts\/313\/revisions\/318"}],"wp:featuredmedia":[{"embeddable":true,"href":"http:\/\/des-problemes-dentaires.fr\/index.php\/wp-json\/wp\/v2\/media\/316"}],"wp:attachment":[{"href":"http:\/\/des-problemes-dentaires.fr\/index.php\/wp-json\/wp\/v2\/media?parent=313"}],"wp:term":[{"taxonomy":"category","embeddable":true,"href":"http:\/\/des-problemes-dentaires.fr\/index.php\/wp-json\/wp\/v2\/categories?post=313"},{"taxonomy":"post_tag","embeddable":true,"href":"http:\/\/des-problemes-dentaires.fr\/index.php\/wp-json\/wp\/v2\/tags?post=313"}],"curies":[{"name":"wp","href":"https:\/\/api.w.org\/{rel}","templated":true}]}}