{"id":248,"date":"2024-02-15T12:37:30","date_gmt":"2024-02-15T12:37:30","guid":{"rendered":"https:\/\/des-problemes-dentaires.xmiq3726.odns.fr\/?p=248"},"modified":"2024-04-16T13:45:14","modified_gmt":"2024-04-16T13:45:14","slug":"gencive-parodonte","status":"publish","type":"post","link":"http:\/\/des-problemes-dentaires.fr\/index.php\/la-dentisterie\/gencive-parodonte\/","title":{"rendered":"GENCIVE \/ PARODONTE"},"content":{"rendered":"<div class=\"wpb-content-wrapper\"><p>[vc_row][vc_column width=\u00a0\u00bb1\/1&Prime;][vc_single_image media=\u00a0\u00bb135&Prime; media_width_percent=\u00a0\u00bb100&Prime; uncode_shortcode_id=\u00a0\u00bb107991&Prime;][vc_custom_heading text_color=\u00a0\u00bbcolor-210407&Prime; text_transform=\u00a0\u00bbuppercase\u00a0\u00bb uncode_shortcode_id=\u00a0\u00bb861330&Prime; text_color_type=\u00a0\u00bbuncode-palette\u00a0\u00bb]1\u00b0- LA GENCIVE[\/vc_custom_heading][vc_column_text uncode_shortcode_id=\u00a0\u00bb140163&Prime;]<strong>L\u2019os alv\u00e9olaire est recouvert d\u2019une muqueuse adh\u00e9rente, la gencive,<\/strong>\u00a0bien sertie aux collets des dents, formant les\u00a0<strong>sillons gingivaux-dentaires<\/strong>.<br \/>\nGencives, et muqueuse buccale, dans leur ensemble, sont fragiles et tr\u00e8s sensibles gr\u00e2ce \u00e0 de nombreuses papilles dermiques innerv\u00e9es.<\/p>\n<p><strong style=\"color: #4f81bd; font-size: 12pt;\">Le maintien de l\u2019int\u00e9gralit\u00e9 des tissus de soutien de la dent, est \u00e9videmment, primordial !<\/strong><\/p>\n<p>La gingivite, (<em>saignement intermittent de gencives<\/em>), est le\u00a0<strong>signe d\u2019alarme que la gencive souffre\u2026 C\u2019est le premier stade de la parodontopahtie<\/strong>. (<em>Cf paragraphe suivant<\/em>)<\/p>\n<p><strong>Son \u00e9volution, inexorable, conduit<\/strong>\u00a0\u00e0 la dramatique\u00a0<strong>chute des dents<\/strong>, du fait de la destruction de son support !<\/p>\n<p>Cela pouvant aller jusqu\u2019\u00e0 l\u2019<strong>\u00e9dentation compl\u00e8te<\/strong>, si aucun traitement n\u2019est entrepris ![\/vc_column_text][vc_single_image media=\u00a0\u00bb196&Prime; media_width_use_pixel=\u00a0\u00bbyes\u00a0\u00bb alignment=\u00a0\u00bbcenter\u00a0\u00bb uncode_shortcode_id=\u00a0\u00bb203470&Prime; media_width_pixel=\u00a0\u00bb586&Prime;][vc_column_text uncode_shortcode_id=\u00a0\u00bb172136&Prime;]<strong>La parodontopathie peut et doit \u00eatre \u00e9vit\u00e9e gr\u00e2ce \u00e0 une hygi\u00e8ne rigoureuse QUOTIDIENNE.<\/strong>[\/vc_column_text][vc_custom_heading text_color=\u00a0\u00bbcolor-210407&Prime; text_transform=\u00a0\u00bbuppercase\u00a0\u00bb uncode_shortcode_id=\u00a0\u00bb107548&Prime; text_color_type=\u00a0\u00bbuncode-palette\u00a0\u00bb]2\u00b0- LE PARODONTE[\/vc_custom_heading][vc_single_image media=\u00a0\u00bb219&Prime; media_width_percent=\u00a0\u00bb100&Prime; uncode_shortcode_id=\u00a0\u00bb928244&Prime;][vc_column_text uncode_shortcode_id=\u00a0\u00bb969474&Prime;]<strong>C\u2019est l\u2019ensemble du syst\u00e8me d\u2019attache de la dent &#8211; \u00e0 savoir gencive, ligament et os alv\u00e9olaire-<\/strong>. Il m\u00e9rite une attention toute particuli\u00e8re, puisque c\u2019est gr\u00e2ce \u00e0 lui, que la dent est solidement implant\u00e9e.[\/vc_column_text][vc_custom_heading text_color=\u00a0\u00bbcolor-210407&Prime; text_transform=\u00a0\u00bbuppercase\u00a0\u00bb uncode_shortcode_id=\u00a0\u00bb155554&Prime; text_color_type=\u00a0\u00bbuncode-palette\u00a0\u00bb]C&rsquo;EST QUOI LA PARODONTOPATHIE ?[\/vc_custom_heading][vc_column_text uncode_shortcode_id=\u00a0\u00bb878622&Prime;]C\u2019est l\u2019<strong>infection<\/strong>\u00a0de l\u2019ensemble de ce syst\u00e8me.<\/p>\n<p>&nbsp;<\/p>\n<p><strong style=\"color: #4f81bd; font-size: 14pt;\">Perdre ses dents, n\u2019est pas une fatalit\u00e9 de l\u2019\u00e2ge !<\/strong><\/p>\n<p>&nbsp;<\/p>\n<p>La parodontopathie, souvent appel\u00e9e \u00ab pyorrh\u00e9e \u00bb, peut avoir un<strong>\u00a0retentissement g\u00e9n\u00e9ral, qui d\u00e9passe de loin le cadre bucco-dentaire !<\/strong><\/p>\n<p>Les germes pathog\u00e8nes (<em>fusospirilles<\/em>), qui vivent au fond des culs de sacs gingivaux n\u2019aiment pas tellement l\u2019oxyg\u00e8ne.<\/p>\n<p>En plus des d\u00e9g\u00e2ts que la parodontopathie occasionne dans tout le syst\u00e8me dentaire, les germes qui pullulent dans le parodonte infect\u00e9, se r\u00e9pandent dans la bouche, \u00e9videmment ! Il s\u2019ensuit :<\/p>\n<ul>\n<li>Une<strong>\u00a0haleine f\u00e9tide<\/strong>\u00a0dont les sujets atteints, ne sont pas toujours conscients, au grand dam de leur interlocuteur !<\/li>\n<li>Une<strong>\u00a0irritation de la muqueuse<\/strong>, avec parfois stomatite g\u00e9n\u00e9ralis\u00e9e, particuli\u00e8rement douloureuse,<\/li>\n<li>Une\u00a0<strong>d\u00e9glutition<\/strong>\u00a0des germes, qui n\u2019est pas forc\u00e9ment ragoutante&#8230; et ne favorise pas vraiment une bonne digestion !<\/li>\n<li>Une\u00a0<strong>inhalation<\/strong>\u00a0des germes, m\u00eame peu pathog\u00e8nes pour les poumons, qui ne peut qu\u2019\u00eatre nocive, d\u2019autant que le patient est broncho-emphys\u00e9mateux, ou asthmatique, par exemple.<\/li>\n<li>Sans parler des aggravations dues au\u00a0<strong>tabac<\/strong>\u00a0et pire encore,\u00a0<strong>m\u00e9lange tabac, alcool !<\/strong><\/li>\n<\/ul>\n<p>[\/vc_column_text][vc_custom_heading text_color=\u00a0\u00bbcolor-210407&Prime; text_transform=\u00a0\u00bbuppercase\u00a0\u00bb uncode_shortcode_id=\u00a0\u00bb274877&Prime; text_color_type=\u00a0\u00bbuncode-palette\u00a0\u00bb]LES DIFF\u00c9RENTS STADES DE LA PARODONTOPATHIE[\/vc_custom_heading][vc_single_image media=\u00a0\u00bb138&Prime; media_width_use_pixel=\u00a0\u00bbyes\u00a0\u00bb alignment=\u00a0\u00bbcenter\u00a0\u00bb uncode_shortcode_id=\u00a0\u00bb286014&Prime; media_width_pixel=\u00a0\u00bb500&Prime; el_class=\u00a0\u00bbno-margin-top \u00ab\u00a0][vc_column_text uncode_shortcode_id=\u00a0\u00bb602182\u00a0\u00bb el_class=\u00a0\u00bbno-margin-top \u00ab\u00a0]Stade I et II sont r\u00e9cup\u00e9rables par un traitement appropri\u00e9.[\/vc_column_text][vc_single_image media=\u00a0\u00bb136&Prime; media_width_use_pixel=\u00a0\u00bbyes\u00a0\u00bb alignment=\u00a0\u00bbcenter\u00a0\u00bb uncode_shortcode_id=\u00a0\u00bb179602&Prime; media_width_pixel=\u00a0\u00bb500&Prime; el_class=\u00a0\u00bbno-margin-top \u00ab\u00a0][vc_column_text uncode_shortcode_id=\u00a0\u00bb198369\u00a0\u00bb]Stade III il y a peu de chance de r\u00e9cup\u00e9ration.<\/p>\n<p>Stades IV la dent est d\u00e9finitivement perdue.<\/p>\n<p>(voir DENTISTERIE article\u00a0<a href=\"\/index.php\/la-dentisterie\/l-hygiene-au-quotidien\" target=\"_blank\" rel=\"noopener\">Hygi\u00e8ne au quotidien \/ D\u00e9tartrage<\/a>)<\/p>\n<p><strong style=\"font-size: 16pt; color: #4f81bd;\">POUR SE R\u00c9SUMER<\/strong><\/p>\n<p><strong style=\"color: #4f81bd; font-size: 12pt;\">La parodontopathie peut et doit \u00eatre \u00e9vit\u00e9e, par une HYGI\u00c8NE RIGOUREUSE, syst\u00e9matique, d\u00e8s le plus jeune \u00e2ge.<\/strong>[\/vc_column_text][\/vc_column][\/vc_row]<\/p>\n<\/div>","protected":false},"excerpt":{"rendered":"<p>[vc_row][vc_column width=\u00a0\u00bb1\/1&Prime;][vc_single_image media=\u00a0\u00bb135&Prime; media_width_percent=\u00a0\u00bb100&Prime; uncode_shortcode_id=\u00a0\u00bb107991&Prime;][vc_custom_heading text_color=\u00a0\u00bbcolor-210407&Prime; text_transform=\u00a0\u00bbuppercase\u00a0\u00bb uncode_shortcode_id=\u00a0\u00bb861330&Prime; text_color_type=\u00a0\u00bbuncode-palette\u00a0\u00bb]1\u00b0- LA GENCIVE[\/vc_custom_heading][vc_column_text uncode_shortcode_id=\u00a0\u00bb140163&Prime;]L\u2019os alv\u00e9olaire est recouvert d\u2019une muqueuse adh\u00e9rente, la gencive,\u00a0bien [&hellip;]<\/p>\n","protected":false},"author":1,"featured_media":135,"comment_status":"closed","ping_status":"closed","sticky":false,"template":"","format":"standard","meta":{"footnotes":""},"categories":[6],"tags":[],"class_list":["post-248","post","type-post","status-publish","format-standard","has-post-thumbnail","hentry","category-la-dentisterie"],"yoast_head":"<!-- This site is optimized with the Yoast SEO plugin v27.1.1 - https:\/\/yoast.com\/product\/yoast-seo-wordpress\/ -->\n<title>Bien conna\u00eetre ses gencives pour mieux les prot\u00e9ger.<\/title>\n<meta name=\"description\" content=\"Les microbes se nourrissent des d\u00e9chets alimentaires coinc\u00e9s sous la gencive, ce qui provoque une infection qui d\u00e9truit le parodonte.\" \/>\n<meta name=\"robots\" content=\"index, follow, max-snippet:-1, max-image-preview:large, max-video-preview:-1\" \/>\n<link rel=\"canonical\" href=\"http:\/\/des-problemes-dentaires.fr\/index.php\/la-dentisterie\/gencive-parodonte\/\" \/>\n<meta property=\"og:locale\" content=\"fr_FR\" \/>\n<meta property=\"og:type\" content=\"article\" \/>\n<meta property=\"og:title\" content=\"Bien conna\u00eetre ses gencives pour mieux les prot\u00e9ger.\" \/>\n<meta property=\"og:description\" content=\"Les microbes se nourrissent des d\u00e9chets alimentaires coinc\u00e9s sous la gencive, ce qui provoque une infection qui d\u00e9truit le parodonte.\" \/>\n<meta property=\"og:url\" content=\"http:\/\/des-problemes-dentaires.fr\/index.php\/la-dentisterie\/gencive-parodonte\/\" \/>\n<meta property=\"og:site_name\" content=\"Des probl\u00e8mes dentaires\" \/>\n<meta property=\"article:published_time\" content=\"2024-02-15T12:37:30+00:00\" \/>\n<meta property=\"article:modified_time\" content=\"2024-04-16T13:45:14+00:00\" \/>\n<meta property=\"og:image\" content=\"http:\/\/des-problemes-dentaires.fr\/wp-content\/uploads\/2024\/02\/des-problemes-dentaires-gencive-parodonte.jpg\" \/>\n\t<meta property=\"og:image:width\" content=\"1385\" \/>\n\t<meta property=\"og:image:height\" content=\"300\" \/>\n\t<meta property=\"og:image:type\" content=\"image\/jpeg\" \/>\n<meta name=\"author\" content=\"kyqag\" \/>\n<meta name=\"twitter:card\" content=\"summary_large_image\" \/>\n<meta name=\"twitter:label1\" content=\"\u00c9crit par\" \/>\n\t<meta name=\"twitter:data1\" content=\"kyqag\" \/>\n\t<meta name=\"twitter:label2\" content=\"Dur\u00e9e de lecture estim\u00e9e\" \/>\n\t<meta name=\"twitter:data2\" content=\"3 minutes\" \/>\n<script type=\"application\/ld+json\" class=\"yoast-schema-graph\">{\"@context\":\"https:\/\/schema.org\",\"@graph\":[{\"@type\":\"Article\",\"@id\":\"http:\/\/des-problemes-dentaires.fr\/index.php\/la-dentisterie\/gencive-parodonte\/#article\",\"isPartOf\":{\"@id\":\"http:\/\/des-problemes-dentaires.fr\/index.php\/la-dentisterie\/gencive-parodonte\/\"},\"author\":{\"name\":\"kyqag\",\"@id\":\"http:\/\/des-problemes-dentaires.fr\/#\/schema\/person\/ecd096927e3a6b646cdceb8af77b723d\"},\"headline\":\"GENCIVE \/ PARODONTE\",\"datePublished\":\"2024-02-15T12:37:30+00:00\",\"dateModified\":\"2024-04-16T13:45:14+00:00\",\"mainEntityOfPage\":{\"@id\":\"http:\/\/des-problemes-dentaires.fr\/index.php\/la-dentisterie\/gencive-parodonte\/\"},\"wordCount\":677,\"image\":{\"@id\":\"http:\/\/des-problemes-dentaires.fr\/index.php\/la-dentisterie\/gencive-parodonte\/#primaryimage\"},\"thumbnailUrl\":\"http:\/\/des-problemes-dentaires.fr\/wp-content\/uploads\/2024\/02\/des-problemes-dentaires-gencive-parodonte.jpg\",\"articleSection\":[\"Dentisterie\"],\"inLanguage\":\"fr-FR\"},{\"@type\":\"WebPage\",\"@id\":\"http:\/\/des-problemes-dentaires.fr\/index.php\/la-dentisterie\/gencive-parodonte\/\",\"url\":\"http:\/\/des-problemes-dentaires.fr\/index.php\/la-dentisterie\/gencive-parodonte\/\",\"name\":\"Bien conna\u00eetre ses gencives pour mieux les prot\u00e9ger.\",\"isPartOf\":{\"@id\":\"http:\/\/des-problemes-dentaires.fr\/#website\"},\"primaryImageOfPage\":{\"@id\":\"http:\/\/des-problemes-dentaires.fr\/index.php\/la-dentisterie\/gencive-parodonte\/#primaryimage\"},\"image\":{\"@id\":\"http:\/\/des-problemes-dentaires.fr\/index.php\/la-dentisterie\/gencive-parodonte\/#primaryimage\"},\"thumbnailUrl\":\"http:\/\/des-problemes-dentaires.fr\/wp-content\/uploads\/2024\/02\/des-problemes-dentaires-gencive-parodonte.jpg\",\"datePublished\":\"2024-02-15T12:37:30+00:00\",\"dateModified\":\"2024-04-16T13:45:14+00:00\",\"author\":{\"@id\":\"http:\/\/des-problemes-dentaires.fr\/#\/schema\/person\/ecd096927e3a6b646cdceb8af77b723d\"},\"description\":\"Les microbes se nourrissent des d\u00e9chets alimentaires coinc\u00e9s sous la gencive, ce qui provoque une infection qui d\u00e9truit le parodonte.\",\"breadcrumb\":{\"@id\":\"http:\/\/des-problemes-dentaires.fr\/index.php\/la-dentisterie\/gencive-parodonte\/#breadcrumb\"},\"inLanguage\":\"fr-FR\",\"potentialAction\":[{\"@type\":\"ReadAction\",\"target\":[\"http:\/\/des-problemes-dentaires.fr\/index.php\/la-dentisterie\/gencive-parodonte\/\"]}]},{\"@type\":\"ImageObject\",\"inLanguage\":\"fr-FR\",\"@id\":\"http:\/\/des-problemes-dentaires.fr\/index.php\/la-dentisterie\/gencive-parodonte\/#primaryimage\",\"url\":\"http:\/\/des-problemes-dentaires.fr\/wp-content\/uploads\/2024\/02\/des-problemes-dentaires-gencive-parodonte.jpg\",\"contentUrl\":\"http:\/\/des-problemes-dentaires.fr\/wp-content\/uploads\/2024\/02\/des-problemes-dentaires-gencive-parodonte.jpg\",\"width\":1385,\"height\":300},{\"@type\":\"BreadcrumbList\",\"@id\":\"http:\/\/des-problemes-dentaires.fr\/index.php\/la-dentisterie\/gencive-parodonte\/#breadcrumb\",\"itemListElement\":[{\"@type\":\"ListItem\",\"position\":1,\"name\":\"Accueil\",\"item\":\"https:\/\/des-problemes-dentaires.fr\/\"},{\"@type\":\"ListItem\",\"position\":2,\"name\":\"GENCIVE \/ PARODONTE\"}]},{\"@type\":\"WebSite\",\"@id\":\"http:\/\/des-problemes-dentaires.fr\/#website\",\"url\":\"http:\/\/des-problemes-dentaires.fr\/\",\"name\":\"Des probl\u00e8mes dentaires\",\"description\":\"Des probl\u00e8mes dentaires\",\"potentialAction\":[{\"@type\":\"SearchAction\",\"target\":{\"@type\":\"EntryPoint\",\"urlTemplate\":\"http:\/\/des-problemes-dentaires.fr\/?s={search_term_string}\"},\"query-input\":{\"@type\":\"PropertyValueSpecification\",\"valueRequired\":true,\"valueName\":\"search_term_string\"}}],\"inLanguage\":\"fr-FR\"},{\"@type\":\"Person\",\"@id\":\"http:\/\/des-problemes-dentaires.fr\/#\/schema\/person\/ecd096927e3a6b646cdceb8af77b723d\",\"name\":\"kyqag\",\"image\":{\"@type\":\"ImageObject\",\"inLanguage\":\"fr-FR\",\"@id\":\"http:\/\/des-problemes-dentaires.fr\/#\/schema\/person\/image\/\",\"url\":\"https:\/\/secure.gravatar.com\/avatar\/dc2042f40cf905101a9a5ac04271c2c8ea576462a888736f31b8d05fe5c5212b?s=96&d=mm&r=g\",\"contentUrl\":\"https:\/\/secure.gravatar.com\/avatar\/dc2042f40cf905101a9a5ac04271c2c8ea576462a888736f31b8d05fe5c5212b?s=96&d=mm&r=g\",\"caption\":\"kyqag\"},\"sameAs\":[\"https:\/\/des-problemes-dentaires.xmiq3726.odns.fr\"],\"url\":\"http:\/\/des-problemes-dentaires.fr\/index.php\/author\/kyqag\/\"}]}<\/script>\n<!-- \/ Yoast SEO plugin. -->","yoast_head_json":{"title":"Bien conna\u00eetre ses gencives pour mieux les prot\u00e9ger.","description":"Les microbes se nourrissent des d\u00e9chets alimentaires coinc\u00e9s sous la gencive, ce qui provoque une infection qui d\u00e9truit le parodonte.","robots":{"index":"index","follow":"follow","max-snippet":"max-snippet:-1","max-image-preview":"max-image-preview:large","max-video-preview":"max-video-preview:-1"},"canonical":"http:\/\/des-problemes-dentaires.fr\/index.php\/la-dentisterie\/gencive-parodonte\/","og_locale":"fr_FR","og_type":"article","og_title":"Bien conna\u00eetre ses gencives pour mieux les prot\u00e9ger.","og_description":"Les microbes se nourrissent des d\u00e9chets alimentaires coinc\u00e9s sous la gencive, ce qui provoque une infection qui d\u00e9truit le parodonte.","og_url":"http:\/\/des-problemes-dentaires.fr\/index.php\/la-dentisterie\/gencive-parodonte\/","og_site_name":"Des probl\u00e8mes dentaires","article_published_time":"2024-02-15T12:37:30+00:00","article_modified_time":"2024-04-16T13:45:14+00:00","og_image":[{"width":1385,"height":300,"url":"http:\/\/des-problemes-dentaires.fr\/wp-content\/uploads\/2024\/02\/des-problemes-dentaires-gencive-parodonte.jpg","type":"image\/jpeg"}],"author":"kyqag","twitter_card":"summary_large_image","twitter_misc":{"\u00c9crit par":"kyqag","Dur\u00e9e de lecture estim\u00e9e":"3 minutes"},"schema":{"@context":"https:\/\/schema.org","@graph":[{"@type":"Article","@id":"http:\/\/des-problemes-dentaires.fr\/index.php\/la-dentisterie\/gencive-parodonte\/#article","isPartOf":{"@id":"http:\/\/des-problemes-dentaires.fr\/index.php\/la-dentisterie\/gencive-parodonte\/"},"author":{"name":"kyqag","@id":"http:\/\/des-problemes-dentaires.fr\/#\/schema\/person\/ecd096927e3a6b646cdceb8af77b723d"},"headline":"GENCIVE \/ PARODONTE","datePublished":"2024-02-15T12:37:30+00:00","dateModified":"2024-04-16T13:45:14+00:00","mainEntityOfPage":{"@id":"http:\/\/des-problemes-dentaires.fr\/index.php\/la-dentisterie\/gencive-parodonte\/"},"wordCount":677,"image":{"@id":"http:\/\/des-problemes-dentaires.fr\/index.php\/la-dentisterie\/gencive-parodonte\/#primaryimage"},"thumbnailUrl":"http:\/\/des-problemes-dentaires.fr\/wp-content\/uploads\/2024\/02\/des-problemes-dentaires-gencive-parodonte.jpg","articleSection":["Dentisterie"],"inLanguage":"fr-FR"},{"@type":"WebPage","@id":"http:\/\/des-problemes-dentaires.fr\/index.php\/la-dentisterie\/gencive-parodonte\/","url":"http:\/\/des-problemes-dentaires.fr\/index.php\/la-dentisterie\/gencive-parodonte\/","name":"Bien conna\u00eetre ses gencives pour mieux les prot\u00e9ger.","isPartOf":{"@id":"http:\/\/des-problemes-dentaires.fr\/#website"},"primaryImageOfPage":{"@id":"http:\/\/des-problemes-dentaires.fr\/index.php\/la-dentisterie\/gencive-parodonte\/#primaryimage"},"image":{"@id":"http:\/\/des-problemes-dentaires.fr\/index.php\/la-dentisterie\/gencive-parodonte\/#primaryimage"},"thumbnailUrl":"http:\/\/des-problemes-dentaires.fr\/wp-content\/uploads\/2024\/02\/des-problemes-dentaires-gencive-parodonte.jpg","datePublished":"2024-02-15T12:37:30+00:00","dateModified":"2024-04-16T13:45:14+00:00","author":{"@id":"http:\/\/des-problemes-dentaires.fr\/#\/schema\/person\/ecd096927e3a6b646cdceb8af77b723d"},"description":"Les microbes se nourrissent des d\u00e9chets alimentaires coinc\u00e9s sous la gencive, ce qui provoque une infection qui d\u00e9truit le parodonte.","breadcrumb":{"@id":"http:\/\/des-problemes-dentaires.fr\/index.php\/la-dentisterie\/gencive-parodonte\/#breadcrumb"},"inLanguage":"fr-FR","potentialAction":[{"@type":"ReadAction","target":["http:\/\/des-problemes-dentaires.fr\/index.php\/la-dentisterie\/gencive-parodonte\/"]}]},{"@type":"ImageObject","inLanguage":"fr-FR","@id":"http:\/\/des-problemes-dentaires.fr\/index.php\/la-dentisterie\/gencive-parodonte\/#primaryimage","url":"http:\/\/des-problemes-dentaires.fr\/wp-content\/uploads\/2024\/02\/des-problemes-dentaires-gencive-parodonte.jpg","contentUrl":"http:\/\/des-problemes-dentaires.fr\/wp-content\/uploads\/2024\/02\/des-problemes-dentaires-gencive-parodonte.jpg","width":1385,"height":300},{"@type":"BreadcrumbList","@id":"http:\/\/des-problemes-dentaires.fr\/index.php\/la-dentisterie\/gencive-parodonte\/#breadcrumb","itemListElement":[{"@type":"ListItem","position":1,"name":"Accueil","item":"https:\/\/des-problemes-dentaires.fr\/"},{"@type":"ListItem","position":2,"name":"GENCIVE \/ PARODONTE"}]},{"@type":"WebSite","@id":"http:\/\/des-problemes-dentaires.fr\/#website","url":"http:\/\/des-problemes-dentaires.fr\/","name":"Des probl\u00e8mes dentaires","description":"Des probl\u00e8mes dentaires","potentialAction":[{"@type":"SearchAction","target":{"@type":"EntryPoint","urlTemplate":"http:\/\/des-problemes-dentaires.fr\/?s={search_term_string}"},"query-input":{"@type":"PropertyValueSpecification","valueRequired":true,"valueName":"search_term_string"}}],"inLanguage":"fr-FR"},{"@type":"Person","@id":"http:\/\/des-problemes-dentaires.fr\/#\/schema\/person\/ecd096927e3a6b646cdceb8af77b723d","name":"kyqag","image":{"@type":"ImageObject","inLanguage":"fr-FR","@id":"http:\/\/des-problemes-dentaires.fr\/#\/schema\/person\/image\/","url":"https:\/\/secure.gravatar.com\/avatar\/dc2042f40cf905101a9a5ac04271c2c8ea576462a888736f31b8d05fe5c5212b?s=96&d=mm&r=g","contentUrl":"https:\/\/secure.gravatar.com\/avatar\/dc2042f40cf905101a9a5ac04271c2c8ea576462a888736f31b8d05fe5c5212b?s=96&d=mm&r=g","caption":"kyqag"},"sameAs":["https:\/\/des-problemes-dentaires.xmiq3726.odns.fr"],"url":"http:\/\/des-problemes-dentaires.fr\/index.php\/author\/kyqag\/"}]}},"_links":{"self":[{"href":"http:\/\/des-problemes-dentaires.fr\/index.php\/wp-json\/wp\/v2\/posts\/248","targetHints":{"allow":["GET"]}}],"collection":[{"href":"http:\/\/des-problemes-dentaires.fr\/index.php\/wp-json\/wp\/v2\/posts"}],"about":[{"href":"http:\/\/des-problemes-dentaires.fr\/index.php\/wp-json\/wp\/v2\/types\/post"}],"author":[{"embeddable":true,"href":"http:\/\/des-problemes-dentaires.fr\/index.php\/wp-json\/wp\/v2\/users\/1"}],"replies":[{"embeddable":true,"href":"http:\/\/des-problemes-dentaires.fr\/index.php\/wp-json\/wp\/v2\/comments?post=248"}],"version-history":[{"count":3,"href":"http:\/\/des-problemes-dentaires.fr\/index.php\/wp-json\/wp\/v2\/posts\/248\/revisions"}],"predecessor-version":[{"id":250,"href":"http:\/\/des-problemes-dentaires.fr\/index.php\/wp-json\/wp\/v2\/posts\/248\/revisions\/250"}],"wp:featuredmedia":[{"embeddable":true,"href":"http:\/\/des-problemes-dentaires.fr\/index.php\/wp-json\/wp\/v2\/media\/135"}],"wp:attachment":[{"href":"http:\/\/des-problemes-dentaires.fr\/index.php\/wp-json\/wp\/v2\/media?parent=248"}],"wp:term":[{"taxonomy":"category","embeddable":true,"href":"http:\/\/des-problemes-dentaires.fr\/index.php\/wp-json\/wp\/v2\/categories?post=248"},{"taxonomy":"post_tag","embeddable":true,"href":"http:\/\/des-problemes-dentaires.fr\/index.php\/wp-json\/wp\/v2\/tags?post=248"}],"curies":[{"name":"wp","href":"https:\/\/api.w.org\/{rel}","templated":true}]}}