{"id":228,"date":"2024-02-15T10:54:01","date_gmt":"2024-02-15T10:54:01","guid":{"rendered":"https:\/\/des-problemes-dentaires.xmiq3726.odns.fr\/?p=228"},"modified":"2024-04-16T13:57:18","modified_gmt":"2024-04-16T13:57:18","slug":"la-carie-consequences","status":"publish","type":"post","link":"http:\/\/des-problemes-dentaires.fr\/index.php\/la-dentisterie\/la-carie-consequences\/","title":{"rendered":"LA CARIE : CONS\u00c9QUENCES"},"content":{"rendered":"<div class=\"wpb-content-wrapper\"><p>[vc_row][vc_column width=\u00a0\u00bb1\/1&Prime;][vc_single_image media=\u00a0\u00bb192&Prime; media_width_percent=\u00a0\u00bb100&Prime; uncode_shortcode_id=\u00a0\u00bb330057&Prime;][vc_custom_heading text_color=\u00a0\u00bbcolor-210407&Prime; text_transform=\u00a0\u00bbuppercase\u00a0\u00bb uncode_shortcode_id=\u00a0\u00bb554961&Prime; text_color_type=\u00a0\u00bbuncode-palette\u00a0\u00bb]LA CARIE C\u2019EST UN TROU DANS LA DENT[\/vc_custom_heading][vc_column_text uncode_shortcode_id=\u00a0\u00bb131188&Prime;]<\/p>\n<h4>La couronne de la dent est prot\u00e9g\u00e9e des agressions, par une\u00a0<strong>couche d\u2019\u00e9mail<\/strong>\u00a0qui recouvre la dentine.<br \/>\nL\u2019\u00e9mail est le mat\u00e9riau le plus dur de l\u2019organisme, plus dur que l\u2019os, mais les microbes sont malins,<strong>\u00a0ils attaquent l\u2019\u00e9mail chimiquement<\/strong>.<\/h4>\n<p>[\/vc_column_text][vc_column_text uncode_shortcode_id=\u00a0\u00bb156230&Prime; el_class=\u00a0\u00bbfond-gris\u00a0\u00bb]Nous avons des caries parce que les D\u00c9CHETS ALIMENTAIRES restent coinc\u00e9s :<\/p>\n<ul>\n<li>dans l\u2019espace inter-dentaire&#8230;<\/li>\n<li>dans les sillons des dents&#8230;<\/li>\n<li>entre la gencive et le collet de la dent&#8230;<\/li>\n<\/ul>\n<p>[\/vc_column_text][vc_custom_heading text_color=\u00a0\u00bbcolor-210407&Prime; text_transform=\u00a0\u00bbuppercase\u00a0\u00bb uncode_shortcode_id=\u00a0\u00bb204512&Prime; text_color_type=\u00a0\u00bbuncode-palette\u00a0\u00bb]LES MICROBES SE NOURRISSENT DE CES D\u00c9CHETS ![\/vc_custom_heading][vc_column_text uncode_shortcode_id=\u00a0\u00bb188416&Prime; el_class=\u00a0\u00bbfond-gris\u00a0\u00bb]Si on enl\u00e8ve TOUS les d\u00e9chets autour de TOUTES les dents, apr\u00e8s TOUS les repas :<\/p>\n<ul>\n<li>Les microbes n\u2019ont plus rien \u00e0 se mettre sous la dent,<\/li>\n<li>On garde les\u00a0<strong>dents vivantes et saines<\/strong>,<\/li>\n<li>On limite consid\u00e9rablement le risque d\u2019avoir des\u00a0<strong>caries<\/strong>\u00a0et le risque d\u2019avoir des\u00a0<strong>probl\u00e8mes de gencives<\/strong>.<\/li>\n<\/ul>\n<p>[\/vc_column_text][vc_custom_heading text_color=\u00a0\u00bbcolor-210407&Prime; text_transform=\u00a0\u00bbuppercase\u00a0\u00bb uncode_shortcode_id=\u00a0\u00bb143569&Prime; text_color_type=\u00a0\u00bbuncode-palette\u00a0\u00bb]DIFF\u00c9RENTS TYPES PARTICULIERS DE CARIES[\/vc_custom_heading][vc_column_text uncode_shortcode_id=\u00a0\u00bb174468&Prime;]<\/p>\n<ul>\n<li>Carie du collet, des sillons ou des points de contact,\u00a0<strong>sans atteinte de la pulpe<\/strong><\/li>\n<li>Carie du collet, des sillons ou des points de contact,<strong>\u00a0avec atteinte de la pulpe<\/strong><\/li>\n<li>Carie du\u00a0<strong>sillon<\/strong>\u00a0ponctiforme<\/li>\n<li>Caries avec mortification pulpaire et granulome apical (<em>voir illustration ci-dessous<\/em>)<\/li>\n<\/ul>\n<p>[\/vc_column_text][vc_single_image media=\u00a0\u00bb193&Prime; media_width_use_pixel=\u00a0\u00bbyes\u00a0\u00bb alignment=\u00a0\u00bbcenter\u00a0\u00bb uncode_shortcode_id=\u00a0\u00bb195768&Prime; media_width_pixel=\u00a0\u00bb335&Prime;][vc_custom_heading text_color=\u00a0\u00bbcolor-210407&Prime; text_transform=\u00a0\u00bbuppercase\u00a0\u00bb uncode_shortcode_id=\u00a0\u00bb566656&Prime; text_color_type=\u00a0\u00bbuncode-palette\u00a0\u00bb]LES CONS\u00c9QUENCES DE LA CARIE[\/vc_custom_heading][vc_column_text uncode_shortcode_id=\u00a0\u00bb742989&Prime;]Le risque que fait courir une carie est, qu\u2019apr\u00e8s avoir creus\u00e9 l\u2019\u00e9mail,\u00a0<strong>elle atteint la dentine jusqu\u2019\u00e0 la pulpe<\/strong>. Le processus sera le suivant :[\/vc_column_text][vc_custom_heading text_color=\u00a0\u00bbcolor-210407&Prime; heading_semantic=\u00a0\u00bbh3&Prime; text_size=\u00a0\u00bbh3&Prime; uncode_shortcode_id=\u00a0\u00bb883989&Prime; text_color_type=\u00a0\u00bbuncode-palette\u00a0\u00bb el_class=\u00a0\u00bbno-margin-top\u00a0\u00bb]1. Atteinte de la pulpe[\/vc_custom_heading][vc_column_text uncode_shortcode_id=\u00a0\u00bb963688&Prime; el_class=\u00a0\u00bbno-margin-top\u00a0\u00bb]La pulpe atteinte, c\u2019est la pulpite horriblement douloureuse, car au d\u00e9but la dent est encore vivante. Au bout de quelques jours elle meurt, elle se mortifie. Disparition de la douleur, certes, MAIS :[\/vc_column_text][vc_custom_heading text_color=\u00a0\u00bbcolor-210407&Prime; heading_semantic=\u00a0\u00bbh3&Prime; text_size=\u00a0\u00bbh3&Prime; uncode_shortcode_id=\u00a0\u00bb114338&Prime; text_color_type=\u00a0\u00bbuncode-palette\u00a0\u00bb el_class=\u00a0\u00bbno-margin-top\u00a0\u00bb]2. Mortification pulpaire[\/vc_custom_heading][vc_custom_heading text_color=\u00a0\u00bbcolor-210407&Prime; heading_semantic=\u00a0\u00bbh3&Prime; text_size=\u00a0\u00bbh3&Prime; uncode_shortcode_id=\u00a0\u00bb193371&Prime; text_color_type=\u00a0\u00bbuncode-palette\u00a0\u00bb el_class=\u00a0\u00bbno-margin-top\u00a0\u00bb]3. Infection locale[\/vc_custom_heading][vc_column_text uncode_shortcode_id=\u00a0\u00bb158524&Prime; el_class=\u00a0\u00bbno-margin-top\u00a0\u00bb]Une fois la pulpe mortifi\u00e9e, les microbes se jettent dessus et c\u2019est l\u2019infection:<\/p>\n<ul>\n<li>Au d\u00e9but, simple petite boule de pus \u00e0 l\u2019apex de la dent, le granulome.<\/li>\n<li>Le granulome grossit et la poche de pus finit par \u00e9clater, c\u2019est l\u2019abc\u00e8s dentaire.<\/li>\n<li>Et de cet abc\u00e8s, les microbes diffusent \u00e0 tout l\u2019organisme !<\/li>\n<\/ul>\n<h4 style=\"color: #4f81bd; font-size: 1.3em;\">\u00a0D\u00e8s qu\u2019il y a atteinte de la pulpe les gros risques sont :<\/h4>\n<ul>\n<li>Granulome\u00a0<strong>apical<\/strong>,<\/li>\n<li>Granulome<strong>\u00a0inter-radiculaire<\/strong>,<\/li>\n<li><strong>Abc\u00e8s dentaire<\/strong><\/li>\n<li><strong>Diffusion \u00e0 tout l\u2019organisme<\/strong><\/li>\n<\/ul>\n<p>[\/vc_column_text][vc_single_image media=\u00a0\u00bb143&Prime; media_width_use_pixel=\u00a0\u00bbyes\u00a0\u00bb alignment=\u00a0\u00bbcenter\u00a0\u00bb uncode_shortcode_id=\u00a0\u00bb130433&Prime; media_width_pixel=\u00a0\u00bb300&Prime;][vc_custom_heading text_color=\u00a0\u00bbcolor-210407&Prime; heading_semantic=\u00a0\u00bbh3&Prime; text_size=\u00a0\u00bbh3&Prime; uncode_shortcode_id=\u00a0\u00bb128428&Prime; text_color_type=\u00a0\u00bbuncode-palette\u00a0\u00bb el_class=\u00a0\u00bbno-margin-top\u00a0\u00bb] 4. Diffusion des germes pathog\u00e8nes \u00e0 tout l\u2019organisme[\/vc_custom_heading][vc_column_text uncode_shortcode_id=\u00a0\u00bb198858&Prime;]* D\u00e8s qu\u2019une poche d\u2019infection se constitue, si minime soit-elle\u2026 le risque de diffusion des germes \u00e0 tout l\u2019organisme est majeur.[\/vc_column_text][vc_column_text uncode_shortcode_id=\u00a0\u00bb286637&Prime; el_class=\u00a0\u00bbfond-gris\u00a0\u00bb]*\u00a0<strong>La persistance de foyers infectieux<\/strong>, si minimes soit-il, qui entra\u00eenent une petite augmentation des globules blancs plus ou moins constante&#8230; \u00e0 la longue, peut entra\u00eener des maladies graves, notamment, des<strong>\u00a0maladies du sang<\/strong>\u00a0aux \u00e2ges avanc\u00e9s.[\/vc_column_text][vc_single_image media=\u00a0\u00bb142&Prime; media_width_use_pixel=\u00a0\u00bbyes\u00a0\u00bb alignment=\u00a0\u00bbcenter\u00a0\u00bb uncode_shortcode_id=\u00a0\u00bb998879&Prime; media_width_pixel=\u00a0\u00bb300&Prime;][vc_column_text text_color=\u00a0\u00bbcolor-210407&Prime; uncode_shortcode_id=\u00a0\u00bb775567&Prime; text_color_type=\u00a0\u00bbuncode-palette\u00a0\u00bb]<strong style=\"font-size: 16pt; color: #4f81bd;\">POUR SE R\u00c9SUMER<\/strong><\/p>\n<p>Cons\u00e9quences d&rsquo;une carie :<br \/>\n<strong style=\"font-size: 14pt; color: #4f81bd;\">MORTIFICATION<\/strong>\u00a0de la PULPE et\u00a0<strong style=\"font-size: 14pt; color: #4f81bd;\">MORT<\/strong>\u00a0de la DENT avec :<\/p>\n<ul>\n<li>INFECTION LOCALE,<\/li>\n<li>INHALATION DANS LES POUMONS (m\u00eame s\u2019ils ne peuvent infecter directement les poumons, c\u2019est d\u00e9goutant d\u2019inhaler une telle mixture !)<\/li>\n<li>D\u00c9GLUTITION de mati\u00e8re purulente,<\/li>\n<li>INFECTION G\u00c9N\u00c9RALE avec\u00a0<strong>MIGRATION<\/strong>\u00a0des GERMES,<\/li>\n<li>DIFFUSION des GERMES, \u00e0\u00a0<strong>TOUT L\u2019ORGANISME<\/strong>,<\/li>\n<li>DIFFUSION POUVANT ALLER JUSQU\u2019\u00c0 LA\u00a0<strong>GRAVISSIME SEPTIC\u00c9MIE<\/strong>\u2026 C-\u00e0-d diffusion des germes dans le sang !<\/li>\n<li>RISQUE DE CANCER DU SANG, lorsque que l\u2019on tra\u00eene une infection dentaire, si minime soit-elle, une bonne partie de sa vie.<\/li>\n<\/ul>\n<p>[\/vc_column_text][vc_custom_heading text_color=\u00a0\u00bbcolor-210407&Prime; text_transform=\u00a0\u00bbuppercase\u00a0\u00bb uncode_shortcode_id=\u00a0\u00bb966964&Prime; text_color_type=\u00a0\u00bbuncode-palette\u00a0\u00bb]LE GERME PATHOG\u00c8NE[\/vc_custom_heading][vc_column_text uncode_shortcode_id=\u00a0\u00bb101486&Prime; el_class=\u00a0\u00bbno-margin-top\u00a0\u00bb]Le plus connu et le plus actif est le STREPTOCOQUE MUTENS.[\/vc_column_text][vc_single_image media=\u00a0\u00bb191&Prime; media_width_percent=\u00a0\u00bb100&Prime; uncode_shortcode_id=\u00a0\u00bb165851&Prime; el_class=\u00a0\u00bbno-margin-top\u00a0\u00bb][vc_column_text uncode_shortcode_id=\u00a0\u00bb155427&Prime; el_class=\u00a0\u00bbno-margin-top\u00a0\u00bb]<\/p>\n<p style=\"text-align: center;\"><em>Streptococcus mutans au microscope<\/em><\/p>\n<p>[\/vc_column_text][vc_custom_heading text_color=\u00a0\u00bbcolor-210407&Prime; text_transform=\u00a0\u00bbuppercase\u00a0\u00bb uncode_shortcode_id=\u00a0\u00bb655325&Prime; text_color_type=\u00a0\u00bbuncode-palette\u00a0\u00bb]BIEN COMPRENDRE QUE :[\/vc_custom_heading][vc_column_text uncode_shortcode_id=\u00a0\u00bb133004&Prime;]<strong>Les germes sont en permanence pr\u00e9sents dans l\u2019organisme<\/strong>. Notre bouche pullule de microbes ! Donc le probl\u00e8me n\u2019est pas la pr\u00e9sence des germes en soi, mais\u00a0<strong>leur NOMBRE, LEUR MULTIPLICATION !<\/strong><\/p>\n<p><strong>C\u2019est quand ils prolif\u00e8rent qu\u2019ils deviennent PATHOG\u00c8NES, c\u2019est-\u00e0-dire, dangereux !<\/strong>[\/vc_column_text][vc_column_text text_color=\u00a0\u00bbcolor-210407&Prime; uncode_shortcode_id=\u00a0\u00bb129078&Prime; el_class=\u00a0\u00bbfond-gris\u00a0\u00bb text_color_type=\u00a0\u00bbuncode-palette\u00a0\u00bb]<strong style=\"color: #4f81bd; font-size: 14pt;\">Raison suffisamment valable pour \u00e9viter de les nourrir : enlever TOUS les d\u00e9chets alimentaires autour de TOUTES les dents, apr\u00e8s TOUS les repas<\/strong>[\/vc_column_text][\/vc_column][\/vc_row]<\/p>\n<\/div>","protected":false},"excerpt":{"rendered":"<p>[vc_row][vc_column width=\u00a0\u00bb1\/1&Prime;][vc_single_image media=\u00a0\u00bb192&Prime; media_width_percent=\u00a0\u00bb100&Prime; uncode_shortcode_id=\u00a0\u00bb330057&Prime;][vc_custom_heading text_color=\u00a0\u00bbcolor-210407&Prime; text_transform=\u00a0\u00bbuppercase\u00a0\u00bb uncode_shortcode_id=\u00a0\u00bb554961&Prime; text_color_type=\u00a0\u00bbuncode-palette\u00a0\u00bb]LA CARIE C\u2019EST UN TROU DANS LA DENT[\/vc_custom_heading][vc_column_text uncode_shortcode_id=\u00a0\u00bb131188&Prime;] La couronne de [&hellip;]<\/p>\n","protected":false},"author":1,"featured_media":217,"comment_status":"closed","ping_status":"closed","sticky":false,"template":"","format":"standard","meta":{"footnotes":""},"categories":[6],"tags":[],"class_list":["post-228","post","type-post","status-publish","format-standard","has-post-thumbnail","hentry","category-la-dentisterie"],"yoast_head":"<!-- This site is optimized with the Yoast SEO plugin v27.1.1 - https:\/\/yoast.com\/product\/yoast-seo-wordpress\/ -->\n<title>La carie : Comment l&#039;\u00e9viter ?<\/title>\n<meta name=\"description\" content=\"La carie doit \u00eatre \u00e0 tout prix \u00e9vit\u00e9e gr\u00e2ce \u00e0 une hygi\u00e8ne rigoureuse qui enl\u00e8ve les d\u00e9chets alimentaires autour des dents apr\u00e8s chaque repas.\" \/>\n<meta name=\"robots\" content=\"index, follow, max-snippet:-1, max-image-preview:large, max-video-preview:-1\" \/>\n<link rel=\"canonical\" href=\"http:\/\/des-problemes-dentaires.fr\/index.php\/la-dentisterie\/la-carie-consequences\/\" \/>\n<meta property=\"og:locale\" content=\"fr_FR\" \/>\n<meta property=\"og:type\" content=\"article\" \/>\n<meta property=\"og:title\" content=\"La carie : Comment l&#039;\u00e9viter ?\" \/>\n<meta property=\"og:description\" content=\"La carie doit \u00eatre \u00e0 tout prix \u00e9vit\u00e9e gr\u00e2ce \u00e0 une hygi\u00e8ne rigoureuse qui enl\u00e8ve les d\u00e9chets alimentaires autour des dents apr\u00e8s chaque repas.\" \/>\n<meta property=\"og:url\" content=\"http:\/\/des-problemes-dentaires.fr\/index.php\/la-dentisterie\/la-carie-consequences\/\" \/>\n<meta property=\"og:site_name\" content=\"Des probl\u00e8mes dentaires\" \/>\n<meta property=\"article:published_time\" content=\"2024-02-15T10:54:01+00:00\" \/>\n<meta property=\"article:modified_time\" content=\"2024-04-16T13:57:18+00:00\" \/>\n<meta property=\"og:image\" content=\"http:\/\/des-problemes-dentaires.fr\/wp-content\/uploads\/2024\/02\/des-problemes-dentaires-carie-consequences-2.jpg\" \/>\n\t<meta property=\"og:image:width\" content=\"200\" \/>\n\t<meta property=\"og:image:height\" content=\"134\" \/>\n\t<meta property=\"og:image:type\" content=\"image\/jpeg\" \/>\n<meta name=\"author\" content=\"kyqag\" \/>\n<meta name=\"twitter:card\" content=\"summary_large_image\" \/>\n<meta name=\"twitter:label1\" content=\"\u00c9crit par\" \/>\n\t<meta name=\"twitter:data1\" content=\"kyqag\" \/>\n\t<meta name=\"twitter:label2\" content=\"Dur\u00e9e de lecture estim\u00e9e\" \/>\n\t<meta name=\"twitter:data2\" content=\"4 minutes\" \/>\n<script type=\"application\/ld+json\" class=\"yoast-schema-graph\">{\"@context\":\"https:\/\/schema.org\",\"@graph\":[{\"@type\":\"Article\",\"@id\":\"http:\/\/des-problemes-dentaires.fr\/index.php\/la-dentisterie\/la-carie-consequences\/#article\",\"isPartOf\":{\"@id\":\"http:\/\/des-problemes-dentaires.fr\/index.php\/la-dentisterie\/la-carie-consequences\/\"},\"author\":{\"name\":\"kyqag\",\"@id\":\"http:\/\/des-problemes-dentaires.fr\/#\/schema\/person\/ecd096927e3a6b646cdceb8af77b723d\"},\"headline\":\"LA CARIE : CONS\u00c9QUENCES\",\"datePublished\":\"2024-02-15T10:54:01+00:00\",\"dateModified\":\"2024-04-16T13:57:18+00:00\",\"mainEntityOfPage\":{\"@id\":\"http:\/\/des-problemes-dentaires.fr\/index.php\/la-dentisterie\/la-carie-consequences\/\"},\"wordCount\":1092,\"image\":{\"@id\":\"http:\/\/des-problemes-dentaires.fr\/index.php\/la-dentisterie\/la-carie-consequences\/#primaryimage\"},\"thumbnailUrl\":\"http:\/\/des-problemes-dentaires.fr\/wp-content\/uploads\/2024\/02\/des-problemes-dentaires-carie-consequences-2.jpg\",\"articleSection\":[\"Dentisterie\"],\"inLanguage\":\"fr-FR\"},{\"@type\":\"WebPage\",\"@id\":\"http:\/\/des-problemes-dentaires.fr\/index.php\/la-dentisterie\/la-carie-consequences\/\",\"url\":\"http:\/\/des-problemes-dentaires.fr\/index.php\/la-dentisterie\/la-carie-consequences\/\",\"name\":\"La carie : Comment l'\u00e9viter ?\",\"isPartOf\":{\"@id\":\"http:\/\/des-problemes-dentaires.fr\/#website\"},\"primaryImageOfPage\":{\"@id\":\"http:\/\/des-problemes-dentaires.fr\/index.php\/la-dentisterie\/la-carie-consequences\/#primaryimage\"},\"image\":{\"@id\":\"http:\/\/des-problemes-dentaires.fr\/index.php\/la-dentisterie\/la-carie-consequences\/#primaryimage\"},\"thumbnailUrl\":\"http:\/\/des-problemes-dentaires.fr\/wp-content\/uploads\/2024\/02\/des-problemes-dentaires-carie-consequences-2.jpg\",\"datePublished\":\"2024-02-15T10:54:01+00:00\",\"dateModified\":\"2024-04-16T13:57:18+00:00\",\"author\":{\"@id\":\"http:\/\/des-problemes-dentaires.fr\/#\/schema\/person\/ecd096927e3a6b646cdceb8af77b723d\"},\"description\":\"La carie doit \u00eatre \u00e0 tout prix \u00e9vit\u00e9e gr\u00e2ce \u00e0 une hygi\u00e8ne rigoureuse qui enl\u00e8ve les d\u00e9chets alimentaires autour des dents apr\u00e8s chaque repas.\",\"breadcrumb\":{\"@id\":\"http:\/\/des-problemes-dentaires.fr\/index.php\/la-dentisterie\/la-carie-consequences\/#breadcrumb\"},\"inLanguage\":\"fr-FR\",\"potentialAction\":[{\"@type\":\"ReadAction\",\"target\":[\"http:\/\/des-problemes-dentaires.fr\/index.php\/la-dentisterie\/la-carie-consequences\/\"]}]},{\"@type\":\"ImageObject\",\"inLanguage\":\"fr-FR\",\"@id\":\"http:\/\/des-problemes-dentaires.fr\/index.php\/la-dentisterie\/la-carie-consequences\/#primaryimage\",\"url\":\"http:\/\/des-problemes-dentaires.fr\/wp-content\/uploads\/2024\/02\/des-problemes-dentaires-carie-consequences-2.jpg\",\"contentUrl\":\"http:\/\/des-problemes-dentaires.fr\/wp-content\/uploads\/2024\/02\/des-problemes-dentaires-carie-consequences-2.jpg\",\"width\":200,\"height\":134},{\"@type\":\"BreadcrumbList\",\"@id\":\"http:\/\/des-problemes-dentaires.fr\/index.php\/la-dentisterie\/la-carie-consequences\/#breadcrumb\",\"itemListElement\":[{\"@type\":\"ListItem\",\"position\":1,\"name\":\"Accueil\",\"item\":\"https:\/\/des-problemes-dentaires.fr\/\"},{\"@type\":\"ListItem\",\"position\":2,\"name\":\"LA CARIE : CONS\u00c9QUENCES\"}]},{\"@type\":\"WebSite\",\"@id\":\"http:\/\/des-problemes-dentaires.fr\/#website\",\"url\":\"http:\/\/des-problemes-dentaires.fr\/\",\"name\":\"Des probl\u00e8mes dentaires\",\"description\":\"Des probl\u00e8mes dentaires\",\"potentialAction\":[{\"@type\":\"SearchAction\",\"target\":{\"@type\":\"EntryPoint\",\"urlTemplate\":\"http:\/\/des-problemes-dentaires.fr\/?s={search_term_string}\"},\"query-input\":{\"@type\":\"PropertyValueSpecification\",\"valueRequired\":true,\"valueName\":\"search_term_string\"}}],\"inLanguage\":\"fr-FR\"},{\"@type\":\"Person\",\"@id\":\"http:\/\/des-problemes-dentaires.fr\/#\/schema\/person\/ecd096927e3a6b646cdceb8af77b723d\",\"name\":\"kyqag\",\"image\":{\"@type\":\"ImageObject\",\"inLanguage\":\"fr-FR\",\"@id\":\"http:\/\/des-problemes-dentaires.fr\/#\/schema\/person\/image\/\",\"url\":\"https:\/\/secure.gravatar.com\/avatar\/dc2042f40cf905101a9a5ac04271c2c8ea576462a888736f31b8d05fe5c5212b?s=96&d=mm&r=g\",\"contentUrl\":\"https:\/\/secure.gravatar.com\/avatar\/dc2042f40cf905101a9a5ac04271c2c8ea576462a888736f31b8d05fe5c5212b?s=96&d=mm&r=g\",\"caption\":\"kyqag\"},\"sameAs\":[\"https:\/\/des-problemes-dentaires.xmiq3726.odns.fr\"],\"url\":\"http:\/\/des-problemes-dentaires.fr\/index.php\/author\/kyqag\/\"}]}<\/script>\n<!-- \/ Yoast SEO plugin. -->","yoast_head_json":{"title":"La carie : Comment l'\u00e9viter ?","description":"La carie doit \u00eatre \u00e0 tout prix \u00e9vit\u00e9e gr\u00e2ce \u00e0 une hygi\u00e8ne rigoureuse qui enl\u00e8ve les d\u00e9chets alimentaires autour des dents apr\u00e8s chaque repas.","robots":{"index":"index","follow":"follow","max-snippet":"max-snippet:-1","max-image-preview":"max-image-preview:large","max-video-preview":"max-video-preview:-1"},"canonical":"http:\/\/des-problemes-dentaires.fr\/index.php\/la-dentisterie\/la-carie-consequences\/","og_locale":"fr_FR","og_type":"article","og_title":"La carie : Comment l'\u00e9viter ?","og_description":"La carie doit \u00eatre \u00e0 tout prix \u00e9vit\u00e9e gr\u00e2ce \u00e0 une hygi\u00e8ne rigoureuse qui enl\u00e8ve les d\u00e9chets alimentaires autour des dents apr\u00e8s chaque repas.","og_url":"http:\/\/des-problemes-dentaires.fr\/index.php\/la-dentisterie\/la-carie-consequences\/","og_site_name":"Des probl\u00e8mes dentaires","article_published_time":"2024-02-15T10:54:01+00:00","article_modified_time":"2024-04-16T13:57:18+00:00","og_image":[{"width":200,"height":134,"url":"http:\/\/des-problemes-dentaires.fr\/wp-content\/uploads\/2024\/02\/des-problemes-dentaires-carie-consequences-2.jpg","type":"image\/jpeg"}],"author":"kyqag","twitter_card":"summary_large_image","twitter_misc":{"\u00c9crit par":"kyqag","Dur\u00e9e de lecture estim\u00e9e":"4 minutes"},"schema":{"@context":"https:\/\/schema.org","@graph":[{"@type":"Article","@id":"http:\/\/des-problemes-dentaires.fr\/index.php\/la-dentisterie\/la-carie-consequences\/#article","isPartOf":{"@id":"http:\/\/des-problemes-dentaires.fr\/index.php\/la-dentisterie\/la-carie-consequences\/"},"author":{"name":"kyqag","@id":"http:\/\/des-problemes-dentaires.fr\/#\/schema\/person\/ecd096927e3a6b646cdceb8af77b723d"},"headline":"LA CARIE : CONS\u00c9QUENCES","datePublished":"2024-02-15T10:54:01+00:00","dateModified":"2024-04-16T13:57:18+00:00","mainEntityOfPage":{"@id":"http:\/\/des-problemes-dentaires.fr\/index.php\/la-dentisterie\/la-carie-consequences\/"},"wordCount":1092,"image":{"@id":"http:\/\/des-problemes-dentaires.fr\/index.php\/la-dentisterie\/la-carie-consequences\/#primaryimage"},"thumbnailUrl":"http:\/\/des-problemes-dentaires.fr\/wp-content\/uploads\/2024\/02\/des-problemes-dentaires-carie-consequences-2.jpg","articleSection":["Dentisterie"],"inLanguage":"fr-FR"},{"@type":"WebPage","@id":"http:\/\/des-problemes-dentaires.fr\/index.php\/la-dentisterie\/la-carie-consequences\/","url":"http:\/\/des-problemes-dentaires.fr\/index.php\/la-dentisterie\/la-carie-consequences\/","name":"La carie : Comment l'\u00e9viter ?","isPartOf":{"@id":"http:\/\/des-problemes-dentaires.fr\/#website"},"primaryImageOfPage":{"@id":"http:\/\/des-problemes-dentaires.fr\/index.php\/la-dentisterie\/la-carie-consequences\/#primaryimage"},"image":{"@id":"http:\/\/des-problemes-dentaires.fr\/index.php\/la-dentisterie\/la-carie-consequences\/#primaryimage"},"thumbnailUrl":"http:\/\/des-problemes-dentaires.fr\/wp-content\/uploads\/2024\/02\/des-problemes-dentaires-carie-consequences-2.jpg","datePublished":"2024-02-15T10:54:01+00:00","dateModified":"2024-04-16T13:57:18+00:00","author":{"@id":"http:\/\/des-problemes-dentaires.fr\/#\/schema\/person\/ecd096927e3a6b646cdceb8af77b723d"},"description":"La carie doit \u00eatre \u00e0 tout prix \u00e9vit\u00e9e gr\u00e2ce \u00e0 une hygi\u00e8ne rigoureuse qui enl\u00e8ve les d\u00e9chets alimentaires autour des dents apr\u00e8s chaque repas.","breadcrumb":{"@id":"http:\/\/des-problemes-dentaires.fr\/index.php\/la-dentisterie\/la-carie-consequences\/#breadcrumb"},"inLanguage":"fr-FR","potentialAction":[{"@type":"ReadAction","target":["http:\/\/des-problemes-dentaires.fr\/index.php\/la-dentisterie\/la-carie-consequences\/"]}]},{"@type":"ImageObject","inLanguage":"fr-FR","@id":"http:\/\/des-problemes-dentaires.fr\/index.php\/la-dentisterie\/la-carie-consequences\/#primaryimage","url":"http:\/\/des-problemes-dentaires.fr\/wp-content\/uploads\/2024\/02\/des-problemes-dentaires-carie-consequences-2.jpg","contentUrl":"http:\/\/des-problemes-dentaires.fr\/wp-content\/uploads\/2024\/02\/des-problemes-dentaires-carie-consequences-2.jpg","width":200,"height":134},{"@type":"BreadcrumbList","@id":"http:\/\/des-problemes-dentaires.fr\/index.php\/la-dentisterie\/la-carie-consequences\/#breadcrumb","itemListElement":[{"@type":"ListItem","position":1,"name":"Accueil","item":"https:\/\/des-problemes-dentaires.fr\/"},{"@type":"ListItem","position":2,"name":"LA CARIE : CONS\u00c9QUENCES"}]},{"@type":"WebSite","@id":"http:\/\/des-problemes-dentaires.fr\/#website","url":"http:\/\/des-problemes-dentaires.fr\/","name":"Des probl\u00e8mes dentaires","description":"Des probl\u00e8mes dentaires","potentialAction":[{"@type":"SearchAction","target":{"@type":"EntryPoint","urlTemplate":"http:\/\/des-problemes-dentaires.fr\/?s={search_term_string}"},"query-input":{"@type":"PropertyValueSpecification","valueRequired":true,"valueName":"search_term_string"}}],"inLanguage":"fr-FR"},{"@type":"Person","@id":"http:\/\/des-problemes-dentaires.fr\/#\/schema\/person\/ecd096927e3a6b646cdceb8af77b723d","name":"kyqag","image":{"@type":"ImageObject","inLanguage":"fr-FR","@id":"http:\/\/des-problemes-dentaires.fr\/#\/schema\/person\/image\/","url":"https:\/\/secure.gravatar.com\/avatar\/dc2042f40cf905101a9a5ac04271c2c8ea576462a888736f31b8d05fe5c5212b?s=96&d=mm&r=g","contentUrl":"https:\/\/secure.gravatar.com\/avatar\/dc2042f40cf905101a9a5ac04271c2c8ea576462a888736f31b8d05fe5c5212b?s=96&d=mm&r=g","caption":"kyqag"},"sameAs":["https:\/\/des-problemes-dentaires.xmiq3726.odns.fr"],"url":"http:\/\/des-problemes-dentaires.fr\/index.php\/author\/kyqag\/"}]}},"_links":{"self":[{"href":"http:\/\/des-problemes-dentaires.fr\/index.php\/wp-json\/wp\/v2\/posts\/228","targetHints":{"allow":["GET"]}}],"collection":[{"href":"http:\/\/des-problemes-dentaires.fr\/index.php\/wp-json\/wp\/v2\/posts"}],"about":[{"href":"http:\/\/des-problemes-dentaires.fr\/index.php\/wp-json\/wp\/v2\/types\/post"}],"author":[{"embeddable":true,"href":"http:\/\/des-problemes-dentaires.fr\/index.php\/wp-json\/wp\/v2\/users\/1"}],"replies":[{"embeddable":true,"href":"http:\/\/des-problemes-dentaires.fr\/index.php\/wp-json\/wp\/v2\/comments?post=228"}],"version-history":[{"count":13,"href":"http:\/\/des-problemes-dentaires.fr\/index.php\/wp-json\/wp\/v2\/posts\/228\/revisions"}],"predecessor-version":[{"id":241,"href":"http:\/\/des-problemes-dentaires.fr\/index.php\/wp-json\/wp\/v2\/posts\/228\/revisions\/241"}],"wp:featuredmedia":[{"embeddable":true,"href":"http:\/\/des-problemes-dentaires.fr\/index.php\/wp-json\/wp\/v2\/media\/217"}],"wp:attachment":[{"href":"http:\/\/des-problemes-dentaires.fr\/index.php\/wp-json\/wp\/v2\/media?parent=228"}],"wp:term":[{"taxonomy":"category","embeddable":true,"href":"http:\/\/des-problemes-dentaires.fr\/index.php\/wp-json\/wp\/v2\/categories?post=228"},{"taxonomy":"post_tag","embeddable":true,"href":"http:\/\/des-problemes-dentaires.fr\/index.php\/wp-json\/wp\/v2\/tags?post=228"}],"curies":[{"name":"wp","href":"https:\/\/api.w.org\/{rel}","templated":true}]}}